{"id":1195,"date":"2026-08-31T06:07:48","date_gmt":"2026-08-31T06:07:48","guid":{"rendered":"https:\/\/www.callie.es\/blog\/?p=1195"},"modified":"2026-08-27T06:15:27","modified_gmt":"2026-08-27T06:15:27","slug":"estilo-y-organizacion-en-cada-viaje-el-neceser-personalizado-que-necesita-todo-caballero","status":"publish","type":"post","link":"https:\/\/www.callie.es\/blog\/estilo-y-organizacion-en-cada-viaje-el-neceser-personalizado-que-necesita-todo-caballero\/","title":{"rendered":"Estilo y organizaci\u00f3n en cada viaje: El neceser personalizado que necesita todo caballero"},"content":{"rendered":"\n<p>El verano se acerca y con \u00e9l las ganas de viajar. Preparar la bolsa de viaje requiere orden, espacio y mucho estilo. Los accesorios de aseo masculinos suelen ser muy sobrios y convencionales. A menudo les falta ese toque de personalidad tan especial y \u00fanico. Encontrar el equilibrio perfecto entre elegancia y practicidad es la clave.<\/p>\n\n\n\n<p>Para los hombres que valoran el dise\u00f1o cuidado y la funcionalidad, esta pieza es ideal. El <a target=\"_blank\" rel=\"noreferrer noopener\" href=\"https:\/\/www.callie.es\/personalized-large-capacity-cartoon-fashion-gentleman-toiletry-bag-with-name-fathers-day-daily-use-travel-essentials-birthday-gift-for-men\">Neceser personalizado para caballeros de gran capacidad con nombre<\/a> combina resistencia, elegancia y distinci\u00f3n. Es el compa\u00f1ero perfecto para cualquier destino o rutina diaria. Descubre m\u00e1s opciones en nuestra secci\u00f3n de <a target=\"_blank\" rel=\"noreferrer noopener\" href=\"https:\/\/www.google.com\/search?q=https:\/\/www.callie.es\/regalos-para-hombres\">Regalos personalizados para hombres<\/a> y sorprende a quien m\u00e1s quieres esta temporada.<\/p>\n\n\n\n<p>Llevar un organizador exclusivo transforma tu rutina diaria al instante. Guarda tus art\u00edculos de cuidado personal con total seguridad y estilo. En el ba\u00f1o de casa, el gimnasio o el hotel, aporta una gran distinci\u00f3n. Es el detalle que todo caballero moderno merece tener en su equipaje habitual.<\/p>\n\n\n\n<div id=\"ez-toc-container\" class=\"ez-toc-v2_0_71 counter-hierarchy ez-toc-counter ez-toc-grey ez-toc-container-direction\">\n<div class=\"ez-toc-title-container\">\n<p class=\"ez-toc-title\" style=\"cursor:inherit\">Table of Contents<\/p>\n<span class=\"ez-toc-title-toggle\"><a href=\"#\" class=\"ez-toc-pull-right ez-toc-btn ez-toc-btn-xs ez-toc-btn-default ez-toc-toggle\" aria-label=\"Toggle Table of Content\"><span class=\"ez-toc-js-icon-con\"><span class=\"\"><span class=\"eztoc-hide\" style=\"display:none;\">Toggle<\/span><span class=\"ez-toc-icon-toggle-span\"><svg style=\"fill: #999;color:#999\" xmlns=\"http:\/\/www.w3.org\/2000\/svg\" class=\"list-377408\" width=\"20px\" height=\"20px\" viewBox=\"0 0 24 24\" fill=\"none\"><path d=\"M6 6H4v2h2V6zm14 0H8v2h12V6zM4 11h2v2H4v-2zm16 0H8v2h12v-2zM4 16h2v2H4v-2zm16 0H8v2h12v-2z\" fill=\"currentColor\"><\/path><\/svg><svg style=\"fill: #999;color:#999\" class=\"arrow-unsorted-368013\" xmlns=\"http:\/\/www.w3.org\/2000\/svg\" width=\"10px\" height=\"10px\" viewBox=\"0 0 24 24\" version=\"1.2\" baseProfile=\"tiny\"><path d=\"M18.2 9.3l-6.2-6.3-6.2 6.3c-.2.2-.3.4-.3.7s.1.5.3.7c.2.2.4.3.7.3h11c.3 0 .5-.1.7-.3.2-.2.3-.5.3-.7s-.1-.5-.3-.7zM5.8 14.7l6.2 6.3 6.2-6.3c.2-.2.3-.5.3-.7s-.1-.5-.3-.7c-.2-.2-.4-.3-.7-.3h-11c-.3 0-.5.1-.7.3-.2.2-.3.5-.3.7s.1.5.3.7z\"\/><\/svg><\/span><\/span><\/span><\/a><\/span><\/div>\n<nav><ul class='ez-toc-list ez-toc-list-level-1 ' ><li class='ez-toc-page-1 ez-toc-heading-level-2'><a class=\"ez-toc-link ez-toc-heading-1\" href=\"https:\/\/www.callie.es\/blog\/estilo-y-organizacion-en-cada-viaje-el-neceser-personalizado-que-necesita-todo-caballero\/#Un_chapuzon_de_color_y_fantasia_bajo_el_sol\" title=\"Un chapuz\u00f3n de color y fantas\u00eda bajo el sol\">Un chapuz\u00f3n de color y fantas\u00eda bajo el sol<\/a><\/li><li class='ez-toc-page-1 ez-toc-heading-level-2'><a class=\"ez-toc-link ez-toc-heading-2\" href=\"https:\/\/www.callie.es\/blog\/estilo-y-organizacion-en-cada-viaje-el-neceser-personalizado-que-necesita-todo-caballero\/#Lona_suave_y_cuero_PU_que_cuidan_sus_esenciales_y_resisten_el_uso\" title=\"Lona suave y cuero PU que cuidan sus esenciales y resisten el uso\">Lona suave y cuero PU que cuidan sus esenciales y resisten el uso<\/a><\/li><li class='ez-toc-page-1 ez-toc-heading-level-2'><a class=\"ez-toc-link ez-toc-heading-3\" href=\"https:\/\/www.callie.es\/blog\/estilo-y-organizacion-en-cada-viaje-el-neceser-personalizado-que-necesita-todo-caballero\/#Disenada_para_seguir_el_ritmo_de_sus_aventuras\" title=\"Dise\u00f1ada para seguir el ritmo de sus aventuras\">Dise\u00f1ada para seguir el ritmo de sus aventuras<\/a><\/li><li class='ez-toc-page-1 ez-toc-heading-level-2'><a class=\"ez-toc-link ez-toc-heading-4\" href=\"https:\/\/www.callie.es\/blog\/estilo-y-organizacion-en-cada-viaje-el-neceser-personalizado-que-necesita-todo-caballero\/#Opciones_de_personalizacion_Crea_un_personaje_a_su_imagen\" title=\"Opciones de personalizaci\u00f3n: Crea un personaje a su imagen\">Opciones de personalizaci\u00f3n: Crea un personaje a su imagen<\/a><\/li><li class='ez-toc-page-1 ez-toc-heading-level-2'><a class=\"ez-toc-link ez-toc-heading-5\" href=\"https:\/\/www.callie.es\/blog\/estilo-y-organizacion-en-cada-viaje-el-neceser-personalizado-que-necesita-todo-caballero\/#El_regalo_estrella_para_cumpleanos_y_vacaciones_inolvidables\" title=\"El regalo estrella para cumplea\u00f1os y vacaciones inolvidables\">El regalo estrella para cumplea\u00f1os y vacaciones inolvidables<\/a><\/li><li class='ez-toc-page-1 ez-toc-heading-level-2'><a class=\"ez-toc-link ez-toc-heading-6\" href=\"https:\/\/www.callie.es\/blog\/estilo-y-organizacion-en-cada-viaje-el-neceser-personalizado-que-necesita-todo-caballero\/#Preguntas_frecuentes\" title=\"Preguntas frecuentes\">Preguntas frecuentes<\/a><ul class='ez-toc-list-level-3' ><li class='ez-toc-heading-level-3'><a class=\"ez-toc-link ez-toc-heading-7\" href=\"https:\/\/www.callie.es\/blog\/estilo-y-organizacion-en-cada-viaje-el-neceser-personalizado-que-necesita-todo-caballero\/#%C2%BFQue_materiales_se_utilizan_en_la_fabricacion_de_este_neceser\" title=\"\u00bfQu\u00e9 materiales se utilizan en la fabricaci\u00f3n de este neceser?\">\u00bfQu\u00e9 materiales se utilizan en la fabricaci\u00f3n de este neceser?<\/a><\/li><li class='ez-toc-page-1 ez-toc-heading-level-3'><a class=\"ez-toc-link ez-toc-heading-8\" href=\"https:\/\/www.callie.es\/blog\/estilo-y-organizacion-en-cada-viaje-el-neceser-personalizado-que-necesita-todo-caballero\/#%C2%BFCuales_son_las_medidas_exactas_del_neceser_y_su_capacidad\" title=\"\u00bfCu\u00e1les son las medidas exactas del neceser y su capacidad?\">\u00bfCu\u00e1les son las medidas exactas del neceser y su capacidad?<\/a><\/li><li class='ez-toc-page-1 ez-toc-heading-level-3'><a class=\"ez-toc-link ez-toc-heading-9\" href=\"https:\/\/www.callie.es\/blog\/estilo-y-organizacion-en-cada-viaje-el-neceser-personalizado-que-necesita-todo-caballero\/#%C2%BFComo_se_aconseja_limpiar_la_superficie_para_no_danar_el_dibujo\" title=\"\u00bfC\u00f3mo se aconseja limpiar la superficie para no da\u00f1ar el dibujo?\">\u00bfC\u00f3mo se aconseja limpiar la superficie para no da\u00f1ar el dibujo?<\/a><\/li><li class='ez-toc-page-1 ez-toc-heading-level-3'><a class=\"ez-toc-link ez-toc-heading-10\" href=\"https:\/\/www.callie.es\/blog\/estilo-y-organizacion-en-cada-viaje-el-neceser-personalizado-que-necesita-todo-caballero\/#%C2%BFLa_tecnica_de_personalizacion_resiste_el_uso_diario_y_el_roce\" title=\"\u00bfLa t\u00e9cnica de personalizaci\u00f3n resiste el uso diario y el roce?\">\u00bfLa t\u00e9cnica de personalizaci\u00f3n resiste el uso diario y el roce?<\/a><\/li><li class='ez-toc-page-1 ez-toc-heading-level-3'><a class=\"ez-toc-link ez-toc-heading-11\" href=\"https:\/\/www.callie.es\/blog\/estilo-y-organizacion-en-cada-viaje-el-neceser-personalizado-que-necesita-todo-caballero\/#%C2%BFEn_que_colores_esta_disponible_este_neceser_personalizado\" title=\"\u00bfEn qu\u00e9 colores est\u00e1 disponible este neceser personalizado?\">\u00bfEn qu\u00e9 colores est\u00e1 disponible este neceser personalizado?<\/a><\/li><\/ul><\/li><\/ul><\/nav><\/div>\n<h2 class=\"wp-block-heading\"><span class=\"ez-toc-section\" id=\"Un_chapuzon_de_color_y_fantasia_bajo_el_sol\"><\/span>Un chapuz\u00f3n de color y fantas\u00eda bajo el sol<span class=\"ez-toc-section-end\"><\/span><\/h2>\n\n\n\n<p>Este accesorio destaca por su excelente equilibrio est\u00e9tico y originalidad. Su ilustraci\u00f3n de estilo cartoon plasma la esencia del destinatario de forma divertida. Cada figura refleja el car\u00e1cter atemporal y el estilo del hombre actual. Desde la vestimenta hasta los peque\u00f1os accesorios, todo se adapta a su imagen.<\/p>\n\n\n\n<p>La tecnolog\u00eda de impresi\u00f3n frontal DTF garantiza la m\u00e1xima durabilidad del estampado. Los colores y los trazos se mantienen vibrantes, definidos y n\u00edtidos siempre. A\u00f1adir el nombre personalizado convierte esta pieza en un objeto verdaderamente \u00fanico. As\u00ed evitar\u00e1s despistes o confusiones en el gimnasio, vestuarios o de viaje.<\/p>\n\n\n\n<p>Este alegre dise\u00f1o saca una sonrisa durante la rutina matutina diaria. Los tonos sobrios de la base combinan genial con la ilustraci\u00f3n superior. El contraste visual resultante es altamente refinado, equilibrado y muy moderno. Encaja a la perfecci\u00f3n en cualquier maleta, mochila o bolsa de fin de semana.<\/p>\n\n\n\n<figure class=\"wp-block-image size-large is-resized\"><a href=\"https:\/\/www.callie.es\/personalized-large-capacity-cartoon-fashion-gentleman-toiletry-bag-with-name-fathers-day-daily-use-travel-essentials-birthday-gift-for-men\" target=\"_blank\" rel=\"noreferrer noopener\"><img decoding=\"async\" src=\"https:\/\/d3ouql8tmwncoe.cloudfront.net\/uploads\/20250421\/bd9abfc06f7aeae8ecddec78dc779a27.jpg?d=1000\" alt=\"Neceser personalizado para caballeros de gran capacidad con nombre esenciales para viaje regalo de cumplea\u00f1os para hombre y D\u00eda del Padre\" style=\"width:840px;height:auto\"\/><\/a><\/figure>\n\n\n\n<h2 class=\"wp-block-heading\"><span class=\"ez-toc-section\" id=\"Lona_suave_y_cuero_PU_que_cuidan_sus_esenciales_y_resisten_el_uso\"><\/span>Lona suave y cuero PU que cuidan sus esenciales y resisten el uso<span class=\"ez-toc-section-end\"><\/span><\/h2>\n\n\n\n<p>La durabilidad es un requisito indispensable en todos los accesorios de viaje. Este neceser combina magistralmente lona suave de alta calidad y cuero PU resistente. La mezcla de estos materiales aporta una textura muy agradable al tacto. Adem\u00e1s, protege eficazmente la base contra el roce continuo y la humedad.<\/p>\n\n\n\n<p>El cuero PU de la parte inferior le otorga una excelente firmeza estructural. Gracias a ello, el neceser se mantiene erguido sobre el lavabo sin caerse. Por su parte, la lona superior aporta la flexibilidad que necesitas al empacar. Se adapta con total facilidad a cualquier hueco libre en tu mochila.<\/p>\n\n\n\n<p>En el interior, tus frascos, lociones y cremas estar\u00e1n siempre muy seguros. La estructura del neceser amortigua los peque\u00f1os golpes y salpicaduras de agua habituales. Mantener todos tus productos en orden nunca fue tan sencillo y c\u00f3modo. Es, sin duda, la mejor elecci\u00f3n para acompa\u00f1arte en el d\u00eda a d\u00eda.<\/p>\n\n\n\n<figure class=\"wp-block-image size-large\"><a href=\"https:\/\/www.callie.es\/personalized-large-capacity-cartoon-fashion-gentleman-toiletry-bag-with-name-fathers-day-daily-use-travel-essentials-birthday-gift-for-men\" target=\"_blank\" rel=\"noreferrer noopener\"><img decoding=\"async\" src=\"https:\/\/d3ouql8tmwncoe.cloudfront.net\/uploads\/20250507\/bc199532ecb06aad91e858bf38a2cde1.jpg?d=1000\" alt=\"Neceser personalizado para caballeros de gran capacidad con nombre esenciales para viaje regalo de cumplea\u00f1os para hombre y D\u00eda del Padre\"\/><\/a><\/figure>\n\n\n\n<h2 class=\"wp-block-heading\"><span class=\"ez-toc-section\" id=\"Disenada_para_seguir_el_ritmo_de_sus_aventuras\"><\/span>Dise\u00f1ada para seguir el ritmo de sus aventuras<span class=\"ez-toc-section-end\"><\/span><\/h2>\n\n\n\n<p>Sus medidas compactas de 18 cm x 14 cm x 8 cm son muy id\u00f3neas y pr\u00e1cticas. Sin embargo, su gran capacidad interior sorprende gratamente desde el primer uso. Guarda sin problemas frascos, maquinillas, cremas, desodorante y cepillos de dientes. Todo tu equipo de aseo queda organizado, limpio y siempre a mano.<\/p>\n\n\n\n<p>Su gran ligereza lo convierte en un aliado indispensable para cualquier desplazamiento. Ll\u00e9valo c\u00f3modamente a la oficina, al gimnasio o en tus vacaciones familiares. No a\u00f1ade peso ni volumen innecesario a tu equipaje de mano habitual. Resulta un accesorio id\u00f3neo para viajes de negocios o escapadas de fin de semana.<\/p>\n\n\n\n<p>El cuidado y mantenimiento diario de la pieza es sumamente simple. Basta con pasar suavemente un pa\u00f1o h\u00famedo por la superficie exterior de la bolsa. De este modo eliminar\u00e1s la suciedad y el polvo sin ning\u00fan esfuerzo. Tu neceser lucir\u00e1 impecable, elegante y como nuevo en cada nuevo trayecto.<\/p>\n\n\n\n<figure class=\"wp-block-image size-large\"><a href=\"https:\/\/www.callie.es\/personalized-large-capacity-cartoon-fashion-gentleman-toiletry-bag-with-name-fathers-day-daily-use-travel-essentials-birthday-gift-for-men\" target=\"_blank\" rel=\"noreferrer noopener\"><img decoding=\"async\" src=\"https:\/\/d3ouql8tmwncoe.cloudfront.net\/uploads\/20250507\/7f46ddc2d65f5c29caebd2150d4ccff2.jpg?d=1000\" alt=\"Neceser personalizado para caballeros de gran capacidad con nombre esenciales para viaje regalo de cumplea\u00f1os para hombre y D\u00eda del Padre\"\/><\/a><\/figure>\n\n\n\n<h2 class=\"wp-block-heading\"><span class=\"ez-toc-section\" id=\"Opciones_de_personalizacion_Crea_un_personaje_a_su_imagen\"><\/span>Opciones de personalizaci\u00f3n: Crea un personaje a su imagen<span class=\"ez-toc-section-end\"><\/span><\/h2>\n\n\n\n<p>Para adaptar el producto a la personalidad del destinatario, dispones de amplias opciones:<\/p>\n\n\n\n<ul>\n<li><strong>Color de la bolsa<\/strong>: Elige entre seis tonos bicolor muy elegantes (Azul, Morado, Negro, Azul cielo, Marr\u00f3n y Naranja).<\/li>\n\n\n\n<li><strong>Opci\u00f3n de ojos<\/strong>: Define la expresi\u00f3n facial del avatar, seleccionando opciones como la mirada de ojos abiertos.<\/li>\n\n\n\n<li><strong>Tono de piel<\/strong>: Selecciona entre diversos matices de piel para reflejar con precisi\u00f3n su tono real.<\/li>\n\n\n\n<li><strong>Peinado y color de pelo<\/strong>: Escoge el corte y la tonalidad de cabello que mejor lo identifique.<\/li>\n\n\n\n<li><strong>Vestimenta y accesorios<\/strong>: Personaliza la ropa con atuendos elegantes, sombreros de copa, pajaritas, corbatas o gafas de sol.<\/li>\n\n\n\n<li><strong>Nombre personalizado<\/strong>: A\u00f1ade su nombre o iniciales con una tipograf\u00eda clara, elegante y perfectamente integrada.<\/li>\n<\/ul>\n\n\n\n<figure class=\"wp-block-image size-large\"><a href=\"https:\/\/www.callie.es\/personalized-large-capacity-cartoon-fashion-gentleman-toiletry-bag-with-name-fathers-day-daily-use-travel-essentials-birthday-gift-for-men\" target=\"_blank\" rel=\"noreferrer noopener\"><img decoding=\"async\" src=\"https:\/\/d3ouql8tmwncoe.cloudfront.net\/uploads\/20250421\/0c6ed1e64e6f81943d4e29a3b12c1f33.jpg?d=1000\" alt=\"Neceser personalizado para caballeros de gran capacidad con nombre esenciales para viaje regalo de cumplea\u00f1os para hombre y D\u00eda del Padre\"\/><\/a><\/figure>\n\n\n\n<h2 class=\"wp-block-heading\"><span class=\"ez-toc-section\" id=\"El_regalo_estrella_para_cumpleanos_y_vacaciones_inolvidables\"><\/span>El regalo estrella para cumplea\u00f1os y vacaciones inolvidables<span class=\"ez-toc-section-end\"><\/span><\/h2>\n\n\n\n<p>Encontrar un detalle masculino que sea \u00fatil, bonito y emotivo no siempre es f\u00e1cil. Este neceser personalizado une magistralmente originalidad, afecto y practicidad diaria. Es el regalo perfecto para sorprender a padres, parejas, hermanos o grandes amigos. Todos valorar\u00e1n un detalle de alta calidad pensado especialmente para ellos.<\/p>\n\n\n\n<p>Es una opci\u00f3n excelente e infalible para celebrar el D\u00eda del Padre. Tambi\u00e9n triunfa como obsequio en cumplea\u00f1os, aniversarios o en fechas navide\u00f1as. Resulta el accesorio perfecto para estrenar justo antes de unas merecidas vacaciones. Sorprender\u00e1s con \u00e9xito a esa persona tan especial en cualquier fecha se\u00f1alada.<\/p>\n\n\n\n<p>Regalar este accesorio es regalar bonitos recuerdos para cada nuevo viaje. Recordar\u00e1 tu afecto y cari\u00f1o cada vez que prepare su equipaje. Aportar\u00e1 un toque de orden, distinci\u00f3n y estilo en todo momento y lugar. Un complemento \u00fanico y duradero preparado para acompa\u00f1arle en sus mejores aventuras.<\/p>\n\n\n\n<figure class=\"wp-block-image size-large\"><a href=\"https:\/\/www.callie.es\/personalized-large-capacity-cartoon-fashion-gentleman-toiletry-bag-with-name-fathers-day-daily-use-travel-essentials-birthday-gift-for-men\" target=\"_blank\" rel=\"noreferrer noopener\"><img decoding=\"async\" src=\"https:\/\/d3ouql8tmwncoe.cloudfront.net\/uploads\/20250507\/83787a92bf95e022274b579305da5b11.jpg?d=1000\" alt=\"Neceser personalizado para caballeros de gran capacidad con nombre esenciales para viaje regalo de cumplea\u00f1os para hombre y D\u00eda del Padre\"\/><\/a><\/figure>\n\n\n\n<h2 class=\"wp-block-heading\"><span class=\"ez-toc-section\" id=\"Preguntas_frecuentes\"><\/span>Preguntas frecuentes<span class=\"ez-toc-section-end\"><\/span><\/h2>\n\n\n\n<h3 class=\"wp-block-heading\"><span class=\"ez-toc-section\" id=\"%C2%BFQue_materiales_se_utilizan_en_la_fabricacion_de_este_neceser\"><\/span>\u00bfQu\u00e9 materiales se utilizan en la fabricaci\u00f3n de este neceser?<span class=\"ez-toc-section-end\"><\/span><\/h3>\n\n\n\n<p>Est\u00e1 fabricado con una combinaci\u00f3n de lona suave y cuero PU muy resistente. El forro interior es de nylon duradero, lavable y de gran calidad. Esta cuidada mezcla garantiza alta resistencia al uso, flexibilidad y elegancia constante.<\/p>\n\n\n\n<h3 class=\"wp-block-heading\"><span class=\"ez-toc-section\" id=\"%C2%BFCuales_son_las_medidas_exactas_del_neceser_y_su_capacidad\"><\/span>\u00bfCu\u00e1les son las medidas exactas del neceser y su capacidad?<span class=\"ez-toc-section-end\"><\/span><\/h3>\n\n\n\n<p>Sus dimensiones exactas son de 18 cm de largo, 14 cm de alto y 8 cm de ancho. Ofrece un espacio interior muy amplio para llevar frascos, cremas y maquinillas con total comodidad.<\/p>\n\n\n\n<h3 class=\"wp-block-heading\"><span class=\"ez-toc-section\" id=\"%C2%BFComo_se_aconseja_limpiar_la_superficie_para_no_danar_el_dibujo\"><\/span>\u00bfC\u00f3mo se aconseja limpiar la superficie para no da\u00f1ar el dibujo?<span class=\"ez-toc-section-end\"><\/span><\/h3>\n\n\n\n<p>Se recomienda limpiar la superficie suavemente con un pa\u00f1o h\u00famedo y limpio. No utilices productos qu\u00edmicos ni limpiadores agresivos sobre la zona del estampado. Se aconseja no usar lavadora ni secadora para preservar la personalizaci\u00f3n intacta.<\/p>\n\n\n\n<h3 class=\"wp-block-heading\"><span class=\"ez-toc-section\" id=\"%C2%BFLa_tecnica_de_personalizacion_resiste_el_uso_diario_y_el_roce\"><\/span>\u00bfLa t\u00e9cnica de personalizaci\u00f3n resiste el uso diario y el roce?<span class=\"ez-toc-section-end\"><\/span><\/h3>\n\n\n\n<p>S\u00ed, la impresi\u00f3n frontal se realiza con avanzada tecnolog\u00eda DTF de alta resoluci\u00f3n. Este sistema asegura que el dibujo del avatar y el nombre permanezcan intactos ante el uso y los roces del equipaje.<\/p>\n\n\n\n<h3 class=\"wp-block-heading\"><span class=\"ez-toc-section\" id=\"%C2%BFEn_que_colores_esta_disponible_este_neceser_personalizado\"><\/span>\u00bfEn qu\u00e9 colores est\u00e1 disponible este neceser personalizado?<span class=\"ez-toc-section-end\"><\/span><\/h3>\n\n\n\n<p>Puedes elegir entre seis combinaciones bicolor muy elegantes y masculinas. Las opciones disponibles son Azul, Morado, Negro, Azul cielo, Marr\u00f3n y Naranja. Todas combinan a la perfecci\u00f3n con la tela de lona clara superior.<\/p>\n\n\n\n<script type=\"application\/ld+json\">\n{\n  \"@context\": \"https:\/\/schema.org\",\n  \"@type\": \"FAQPage\",\n  \"mainEntity\": [\n    {\n      \"@type\": \"Question\",\n      \"name\": \"\u00bfQu\u00e9 materiales se utilizan en la fabricaci\u00f3n de este neceser?\",\n      \"acceptedAnswer\": {\n        \"@type\": \"Answer\",\n        \"text\": \"Est\u00e1 fabricado con una combinaci\u00f3n de lona suave y cuero PU muy resistente. El forro interior es de nylon duradero, lavable y de gran calidad. Esta cuidada mezcla garantiza alta resistencia al uso, flexibilidad y elegancia constante.\"\n      }\n    },\n    {\n      \"@type\": \"Question\",\n      \"name\": \"\u00bfCu\u00e1les son las medidas exactas del neceser y su capacidad?\",\n      \"acceptedAnswer\": {\n        \"@type\": \"Answer\",\n        \"text\": \"Sus dimensiones exactas son de 18 cm de largo, 14 cm de alto y 8 cm de ancho. Ofrece un espacio interior muy amplio para llevar frascos, cremas y maquinillas con total comodidad.\"\n      }\n    },\n    {\n      \"@type\": \"Question\",\n      \"name\": \"\u00bfC\u00f3mo se aconseja limpiar la superficie para no da\u00f1ar el dibujo?\",\n      \"acceptedAnswer\": {\n        \"@type\": \"Answer\",\n        \"text\": \"Se recomienda limpiar la superficie suavemente con un pa\u00f1o h\u00famedo y limpio. No utilices productos qu\u00edmicos ni limpiadores agresivos sobre la zona del estampado. Se aconseja no usar lavadora ni secadora para preservar la personalizaci\u00f3n intacta.\"\n      }\n    },\n    {\n      \"@type\": \"Question\",\n      \"name\": \"\u00bfLa t\u00e9cnica de personalizaci\u00f3n resiste el uso diario y el roce?\",\n      \"acceptedAnswer\": {\n        \"@type\": \"Answer\",\n        \"text\": \"S\u00ed, la impresi\u00f3n frontal se realiza con avanzada tecnolog\u00eda DTF de alta resoluci\u00f3n. Este sistema asegura que el dibujo del avatar y el nombre permanezcan intactos ante el uso y los roces del equipaje.\"\n      }\n    },\n    {\n      \"@type\": \"Question\",\n      \"name\": \"\u00bfEn qu\u00e9 colores est\u00e1 disponible este neceser personalizado?\",\n      \"acceptedAnswer\": {\n        \"@type\": \"Answer\",\n        \"text\": \"Puedes elegir entre seis combinaciones bicolor muy elegantes y masculinas. Las opciones disponibles son Azul, Morado, Negro, Azul cielo, Marr\u00f3n y Naranja. Todas combinan a la perfecci\u00f3n con la tela de lona clara superior.\"\n      }\n    }\n  ]\n}\n<\/script>\n","protected":false},"excerpt":{"rendered":"<p>El verano se acerca y con \u00e9l las ganas de viajar. Preparar la bolsa de viaje requiere orden, espacio y mucho estilo. Los accesorios de aseo masculinos suelen ser muy sobrios y convencionales. A menudo les falta ese toque de personalidad tan especial y \u00fanico. Encontrar el equilibrio perfecto entre elegancia y practicidad es la [&hellip;]<\/p>\n","protected":false},"author":6,"featured_media":1196,"comment_status":"open","ping_status":"open","sticky":false,"template":"","format":"standard","meta":{"footnotes":""},"categories":[1],"tags":[775,774,628],"yoast_head":"<!-- This site is optimized with the Yoast SEO plugin v22.7 - https:\/\/yoast.com\/wordpress\/plugins\/seo\/ -->\n<title>Estilo y organizaci\u00f3n en cada viaje: El neceser personalizado que necesita todo caballero - Callie Blog<\/title>\n<meta name=\"description\" content=\"Descubre el neceser personalizado para hombre ideal para viajes y uso diario. Lona suave y cuero PU con dise\u00f1o de avatar exclusivo e impresi\u00f3n de nombre.\" \/>\n<meta name=\"robots\" content=\"index, follow, max-snippet:-1, max-image-preview:large, max-video-preview:-1\" \/>\n<link rel=\"canonical\" href=\"https:\/\/www.callie.es\/blog\/estilo-y-organizacion-en-cada-viaje-el-neceser-personalizado-que-necesita-todo-caballero\/\" \/>\n<meta property=\"og:locale\" content=\"en_US\" \/>\n<meta property=\"og:type\" content=\"article\" \/>\n<meta property=\"og:title\" content=\"Estilo y organizaci\u00f3n en cada viaje: El neceser personalizado que necesita todo caballero - Callie Blog\" \/>\n<meta property=\"og:description\" content=\"Descubre el neceser personalizado para hombre ideal para viajes y uso diario. Lona suave y cuero PU con dise\u00f1o de avatar exclusivo e impresi\u00f3n de nombre.\" \/>\n<meta property=\"og:url\" content=\"https:\/\/www.callie.es\/blog\/estilo-y-organizacion-en-cada-viaje-el-neceser-personalizado-que-necesita-todo-caballero\/\" \/>\n<meta property=\"og:site_name\" content=\"Callie Blog\" \/>\n<meta property=\"article:published_time\" content=\"2026-08-31T06:07:48+00:00\" \/>\n<meta property=\"article:modified_time\" content=\"2026-08-27T06:15:27+00:00\" \/>\n<meta property=\"og:image\" content=\"https:\/\/www.callie.es\/blog\/wp-content\/uploads\/2026\/08\/e996f729981e2ccf3f3f868b8ee19e2b.jpg\" \/>\n\t<meta property=\"og:image:width\" content=\"1000\" \/>\n\t<meta property=\"og:image:height\" content=\"1000\" \/>\n\t<meta property=\"og:image:type\" content=\"image\/jpeg\" \/>\n<meta name=\"author\" content=\"Oli\" \/>\n<meta name=\"twitter:card\" content=\"summary_large_image\" \/>\n<meta name=\"twitter:label1\" content=\"Written by\" \/>\n\t<meta name=\"twitter:data1\" content=\"Oli\" \/>\n\t<meta name=\"twitter:label2\" content=\"Est. reading time\" \/>\n\t<meta name=\"twitter:data2\" content=\"7 minutes\" \/>\n<script type=\"application\/ld+json\" class=\"yoast-schema-graph\">{\"@context\":\"https:\/\/schema.org\",\"@graph\":[{\"@type\":\"WebPage\",\"@id\":\"https:\/\/www.callie.es\/blog\/estilo-y-organizacion-en-cada-viaje-el-neceser-personalizado-que-necesita-todo-caballero\/\",\"url\":\"https:\/\/www.callie.es\/blog\/estilo-y-organizacion-en-cada-viaje-el-neceser-personalizado-que-necesita-todo-caballero\/\",\"name\":\"Estilo y organizaci\u00f3n en cada viaje: El neceser personalizado que necesita todo caballero - Callie Blog\",\"isPartOf\":{\"@id\":\"https:\/\/www.callie.es\/blog\/#website\"},\"primaryImageOfPage\":{\"@id\":\"https:\/\/www.callie.es\/blog\/estilo-y-organizacion-en-cada-viaje-el-neceser-personalizado-que-necesita-todo-caballero\/#primaryimage\"},\"image\":{\"@id\":\"https:\/\/www.callie.es\/blog\/estilo-y-organizacion-en-cada-viaje-el-neceser-personalizado-que-necesita-todo-caballero\/#primaryimage\"},\"thumbnailUrl\":\"https:\/\/www.callie.es\/blog\/wp-content\/uploads\/2026\/08\/e996f729981e2ccf3f3f868b8ee19e2b.jpg\",\"datePublished\":\"2026-08-31T06:07:48+00:00\",\"dateModified\":\"2026-08-27T06:15:27+00:00\",\"author\":{\"@id\":\"https:\/\/www.callie.es\/blog\/#\/schema\/person\/cfb146bb9662724724723b20ed0ed8bc\"},\"description\":\"Descubre el neceser personalizado para hombre ideal para viajes y uso diario. Lona suave y cuero PU con dise\u00f1o de avatar exclusivo e impresi\u00f3n de nombre.\",\"breadcrumb\":{\"@id\":\"https:\/\/www.callie.es\/blog\/estilo-y-organizacion-en-cada-viaje-el-neceser-personalizado-que-necesita-todo-caballero\/#breadcrumb\"},\"inLanguage\":\"en-US\",\"potentialAction\":[{\"@type\":\"ReadAction\",\"target\":[\"https:\/\/www.callie.es\/blog\/estilo-y-organizacion-en-cada-viaje-el-neceser-personalizado-que-necesita-todo-caballero\/\"]}]},{\"@type\":\"ImageObject\",\"inLanguage\":\"en-US\",\"@id\":\"https:\/\/www.callie.es\/blog\/estilo-y-organizacion-en-cada-viaje-el-neceser-personalizado-que-necesita-todo-caballero\/#primaryimage\",\"url\":\"https:\/\/www.callie.es\/blog\/wp-content\/uploads\/2026\/08\/e996f729981e2ccf3f3f868b8ee19e2b.jpg\",\"contentUrl\":\"https:\/\/www.callie.es\/blog\/wp-content\/uploads\/2026\/08\/e996f729981e2ccf3f3f868b8ee19e2b.jpg\",\"width\":1000,\"height\":1000},{\"@type\":\"BreadcrumbList\",\"@id\":\"https:\/\/www.callie.es\/blog\/estilo-y-organizacion-en-cada-viaje-el-neceser-personalizado-que-necesita-todo-caballero\/#breadcrumb\",\"itemListElement\":[{\"@type\":\"ListItem\",\"position\":1,\"name\":\"Home\",\"item\":\"https:\/\/www.callie.es\/blog\/\"},{\"@type\":\"ListItem\",\"position\":2,\"name\":\"Estilo y organizaci\u00f3n en cada viaje: El neceser personalizado que necesita todo caballero\"}]},{\"@type\":\"WebSite\",\"@id\":\"https:\/\/www.callie.es\/blog\/#website\",\"url\":\"https:\/\/www.callie.es\/blog\/\",\"name\":\"Callie Blog\",\"description\":\"Regalos, Relaciones, la vida\",\"potentialAction\":[{\"@type\":\"SearchAction\",\"target\":{\"@type\":\"EntryPoint\",\"urlTemplate\":\"https:\/\/www.callie.es\/blog\/?s={search_term_string}\"},\"query-input\":\"required name=search_term_string\"}],\"inLanguage\":\"en-US\"},{\"@type\":\"Person\",\"@id\":\"https:\/\/www.callie.es\/blog\/#\/schema\/person\/cfb146bb9662724724723b20ed0ed8bc\",\"name\":\"Oli\",\"image\":{\"@type\":\"ImageObject\",\"inLanguage\":\"en-US\",\"@id\":\"https:\/\/www.callie.es\/blog\/#\/schema\/person\/image\/\",\"url\":\"https:\/\/secure.gravatar.com\/avatar\/5e54508c5b1241315e526d14a2ac4b38?s=96&d=mm&r=g\",\"contentUrl\":\"https:\/\/secure.gravatar.com\/avatar\/5e54508c5b1241315e526d14a2ac4b38?s=96&d=mm&r=g\",\"caption\":\"Oli\"},\"url\":\"https:\/\/www.callie.es\/blog\/author\/oli\/\"}]}<\/script>\n<!-- \/ Yoast SEO plugin. -->","yoast_head_json":{"title":"Estilo y organizaci\u00f3n en cada viaje: El neceser personalizado que necesita todo caballero - Callie Blog","description":"Descubre el neceser personalizado para hombre ideal para viajes y uso diario. Lona suave y cuero PU con dise\u00f1o de avatar exclusivo e impresi\u00f3n de nombre.","robots":{"index":"index","follow":"follow","max-snippet":"max-snippet:-1","max-image-preview":"max-image-preview:large","max-video-preview":"max-video-preview:-1"},"canonical":"https:\/\/www.callie.es\/blog\/estilo-y-organizacion-en-cada-viaje-el-neceser-personalizado-que-necesita-todo-caballero\/","og_locale":"en_US","og_type":"article","og_title":"Estilo y organizaci\u00f3n en cada viaje: El neceser personalizado que necesita todo caballero - Callie Blog","og_description":"Descubre el neceser personalizado para hombre ideal para viajes y uso diario. Lona suave y cuero PU con dise\u00f1o de avatar exclusivo e impresi\u00f3n de nombre.","og_url":"https:\/\/www.callie.es\/blog\/estilo-y-organizacion-en-cada-viaje-el-neceser-personalizado-que-necesita-todo-caballero\/","og_site_name":"Callie Blog","article_published_time":"2026-08-31T06:07:48+00:00","article_modified_time":"2026-08-27T06:15:27+00:00","og_image":[{"width":1000,"height":1000,"url":"https:\/\/www.callie.es\/blog\/wp-content\/uploads\/2026\/08\/e996f729981e2ccf3f3f868b8ee19e2b.jpg","type":"image\/jpeg"}],"author":"Oli","twitter_card":"summary_large_image","twitter_misc":{"Written by":"Oli","Est. reading time":"7 minutes"},"schema":{"@context":"https:\/\/schema.org","@graph":[{"@type":"WebPage","@id":"https:\/\/www.callie.es\/blog\/estilo-y-organizacion-en-cada-viaje-el-neceser-personalizado-que-necesita-todo-caballero\/","url":"https:\/\/www.callie.es\/blog\/estilo-y-organizacion-en-cada-viaje-el-neceser-personalizado-que-necesita-todo-caballero\/","name":"Estilo y organizaci\u00f3n en cada viaje: El neceser personalizado que necesita todo caballero - Callie Blog","isPartOf":{"@id":"https:\/\/www.callie.es\/blog\/#website"},"primaryImageOfPage":{"@id":"https:\/\/www.callie.es\/blog\/estilo-y-organizacion-en-cada-viaje-el-neceser-personalizado-que-necesita-todo-caballero\/#primaryimage"},"image":{"@id":"https:\/\/www.callie.es\/blog\/estilo-y-organizacion-en-cada-viaje-el-neceser-personalizado-que-necesita-todo-caballero\/#primaryimage"},"thumbnailUrl":"https:\/\/www.callie.es\/blog\/wp-content\/uploads\/2026\/08\/e996f729981e2ccf3f3f868b8ee19e2b.jpg","datePublished":"2026-08-31T06:07:48+00:00","dateModified":"2026-08-27T06:15:27+00:00","author":{"@id":"https:\/\/www.callie.es\/blog\/#\/schema\/person\/cfb146bb9662724724723b20ed0ed8bc"},"description":"Descubre el neceser personalizado para hombre ideal para viajes y uso diario. Lona suave y cuero PU con dise\u00f1o de avatar exclusivo e impresi\u00f3n de nombre.","breadcrumb":{"@id":"https:\/\/www.callie.es\/blog\/estilo-y-organizacion-en-cada-viaje-el-neceser-personalizado-que-necesita-todo-caballero\/#breadcrumb"},"inLanguage":"en-US","potentialAction":[{"@type":"ReadAction","target":["https:\/\/www.callie.es\/blog\/estilo-y-organizacion-en-cada-viaje-el-neceser-personalizado-que-necesita-todo-caballero\/"]}]},{"@type":"ImageObject","inLanguage":"en-US","@id":"https:\/\/www.callie.es\/blog\/estilo-y-organizacion-en-cada-viaje-el-neceser-personalizado-que-necesita-todo-caballero\/#primaryimage","url":"https:\/\/www.callie.es\/blog\/wp-content\/uploads\/2026\/08\/e996f729981e2ccf3f3f868b8ee19e2b.jpg","contentUrl":"https:\/\/www.callie.es\/blog\/wp-content\/uploads\/2026\/08\/e996f729981e2ccf3f3f868b8ee19e2b.jpg","width":1000,"height":1000},{"@type":"BreadcrumbList","@id":"https:\/\/www.callie.es\/blog\/estilo-y-organizacion-en-cada-viaje-el-neceser-personalizado-que-necesita-todo-caballero\/#breadcrumb","itemListElement":[{"@type":"ListItem","position":1,"name":"Home","item":"https:\/\/www.callie.es\/blog\/"},{"@type":"ListItem","position":2,"name":"Estilo y organizaci\u00f3n en cada viaje: El neceser personalizado que necesita todo caballero"}]},{"@type":"WebSite","@id":"https:\/\/www.callie.es\/blog\/#website","url":"https:\/\/www.callie.es\/blog\/","name":"Callie Blog","description":"Regalos, Relaciones, la vida","potentialAction":[{"@type":"SearchAction","target":{"@type":"EntryPoint","urlTemplate":"https:\/\/www.callie.es\/blog\/?s={search_term_string}"},"query-input":"required name=search_term_string"}],"inLanguage":"en-US"},{"@type":"Person","@id":"https:\/\/www.callie.es\/blog\/#\/schema\/person\/cfb146bb9662724724723b20ed0ed8bc","name":"Oli","image":{"@type":"ImageObject","inLanguage":"en-US","@id":"https:\/\/www.callie.es\/blog\/#\/schema\/person\/image\/","url":"https:\/\/secure.gravatar.com\/avatar\/5e54508c5b1241315e526d14a2ac4b38?s=96&d=mm&r=g","contentUrl":"https:\/\/secure.gravatar.com\/avatar\/5e54508c5b1241315e526d14a2ac4b38?s=96&d=mm&r=g","caption":"Oli"},"url":"https:\/\/www.callie.es\/blog\/author\/oli\/"}]}},"_links":{"self":[{"href":"https:\/\/www.callie.es\/blog\/wp-json\/wp\/v2\/posts\/1195"}],"collection":[{"href":"https:\/\/www.callie.es\/blog\/wp-json\/wp\/v2\/posts"}],"about":[{"href":"https:\/\/www.callie.es\/blog\/wp-json\/wp\/v2\/types\/post"}],"author":[{"embeddable":true,"href":"https:\/\/www.callie.es\/blog\/wp-json\/wp\/v2\/users\/6"}],"replies":[{"embeddable":true,"href":"https:\/\/www.callie.es\/blog\/wp-json\/wp\/v2\/comments?post=1195"}],"version-history":[{"count":1,"href":"https:\/\/www.callie.es\/blog\/wp-json\/wp\/v2\/posts\/1195\/revisions"}],"predecessor-version":[{"id":1197,"href":"https:\/\/www.callie.es\/blog\/wp-json\/wp\/v2\/posts\/1195\/revisions\/1197"}],"wp:featuredmedia":[{"embeddable":true,"href":"https:\/\/www.callie.es\/blog\/wp-json\/wp\/v2\/media\/1196"}],"wp:attachment":[{"href":"https:\/\/www.callie.es\/blog\/wp-json\/wp\/v2\/media?parent=1195"}],"wp:term":[{"taxonomy":"category","embeddable":true,"href":"https:\/\/www.callie.es\/blog\/wp-json\/wp\/v2\/categories?post=1195"},{"taxonomy":"post_tag","embeddable":true,"href":"https:\/\/www.callie.es\/blog\/wp-json\/wp\/v2\/tags?post=1195"}],"curies":[{"name":"wp","href":"https:\/\/api.w.org\/{rel}","templated":true}]}}