{"id":1173,"date":"2026-08-29T09:21:56","date_gmt":"2026-08-29T09:21:56","guid":{"rendered":"https:\/\/www.callie.es\/blog\/?p=1173"},"modified":"2026-08-26T09:25:18","modified_gmt":"2026-08-26T09:25:18","slug":"la-magia-de-las-raices-collar-arbol-de-la-vida-de-cristal-y-plata-esterlina","status":"publish","type":"post","link":"https:\/\/www.callie.es\/blog\/la-magia-de-las-raices-collar-arbol-de-la-vida-de-cristal-y-plata-esterlina\/","title":{"rendered":"La magia de las ra\u00edces: Collar \u00e1rbol de la vida de cristal y plata esterlina"},"content":{"rendered":"\n<p>Las joyas personalizadas poseen el poder \u00fanico de contar historias familiares, evocar recuerdos imborrables y llevar a nuestros seres queridos siempre cerca del coraz\u00f3n. Entre los s\u00edmbolos m\u00e1s emotivos y universales de la joyer\u00eda, el <strong>\u00c1rbol de la Vida<\/strong> representa la salud, el crecimiento, la fuerza y la uni\u00f3n familiar que perdura a trav\u00e9s del tiempo.<\/p>\n\n\n\n<p>Si buscas una pieza elegante, brillante y cargada de un profundo significado sentimental, el <a target=\"_blank\" rel=\"noreferrer noopener\" href=\"https:\/\/www.callie.es\/custom-family-tree-of-life-with-initials-blue-circle-crystal-necklace-for-women\">collar personalizado \u00e1rbol de la vida de cristal y plata esterlina<\/a> es una opci\u00f3n insuperable. Dise\u00f1ado para deslumbrar, combina el misticismo del anillo c\u00f3smico con iniciales y piedras de nacimiento personalizables. Descubre m\u00e1s propuestas emotivas navegando por la secci\u00f3n de <a target=\"_blank\" rel=\"noreferrer noopener\" href=\"https:\/\/www.callie.es\/\">regalos personalizados<\/a>.<\/p>\n\n\n\n<div id=\"ez-toc-container\" class=\"ez-toc-v2_0_71 counter-hierarchy ez-toc-counter ez-toc-grey ez-toc-container-direction\">\n<div class=\"ez-toc-title-container\">\n<p class=\"ez-toc-title\" style=\"cursor:inherit\">Table of Contents<\/p>\n<span class=\"ez-toc-title-toggle\"><a href=\"#\" class=\"ez-toc-pull-right ez-toc-btn ez-toc-btn-xs ez-toc-btn-default ez-toc-toggle\" aria-label=\"Toggle Table of Content\"><span class=\"ez-toc-js-icon-con\"><span class=\"\"><span class=\"eztoc-hide\" style=\"display:none;\">Toggle<\/span><span class=\"ez-toc-icon-toggle-span\"><svg style=\"fill: #999;color:#999\" xmlns=\"http:\/\/www.w3.org\/2000\/svg\" class=\"list-377408\" width=\"20px\" height=\"20px\" viewBox=\"0 0 24 24\" fill=\"none\"><path d=\"M6 6H4v2h2V6zm14 0H8v2h12V6zM4 11h2v2H4v-2zm16 0H8v2h12v-2zM4 16h2v2H4v-2zm16 0H8v2h12v-2z\" fill=\"currentColor\"><\/path><\/svg><svg style=\"fill: #999;color:#999\" class=\"arrow-unsorted-368013\" xmlns=\"http:\/\/www.w3.org\/2000\/svg\" width=\"10px\" height=\"10px\" viewBox=\"0 0 24 24\" version=\"1.2\" baseProfile=\"tiny\"><path d=\"M18.2 9.3l-6.2-6.3-6.2 6.3c-.2.2-.3.4-.3.7s.1.5.3.7c.2.2.4.3.7.3h11c.3 0 .5-.1.7-.3.2-.2.3-.5.3-.7s-.1-.5-.3-.7zM5.8 14.7l6.2 6.3 6.2-6.3c.2-.2.3-.5.3-.7s-.1-.5-.3-.7c-.2-.2-.4-.3-.7-.3h-11c-.3 0-.5.1-.7.3-.2.2-.3.5-.3.7s.1.5.3.7z\"\/><\/svg><\/span><\/span><\/span><\/a><\/span><\/div>\n<nav><ul class='ez-toc-list ez-toc-list-level-1 ' ><li class='ez-toc-page-1 ez-toc-heading-level-2'><a class=\"ez-toc-link ez-toc-heading-1\" href=\"https:\/\/www.callie.es\/blog\/la-magia-de-las-raices-collar-arbol-de-la-vida-de-cristal-y-plata-esterlina\/#Un_diseno_inspirado_en_la_energia_del_universo_y_las_raices_familiares\" title=\"Un dise\u00f1o inspirado en la energ\u00eda del universo y las ra\u00edces familiares\">Un dise\u00f1o inspirado en la energ\u00eda del universo y las ra\u00edces familiares<\/a><\/li><li class='ez-toc-page-1 ez-toc-heading-level-2'><a class=\"ez-toc-link ez-toc-heading-2\" href=\"https:\/\/www.callie.es\/blog\/la-magia-de-las-raices-collar-arbol-de-la-vida-de-cristal-y-plata-esterlina\/#Caracteristicas_destacadas_y_materiales\" title=\"Caracter\u00edsticas destacadas y materiales\">Caracter\u00edsticas destacadas y materiales<\/a><\/li><li class='ez-toc-page-1 ez-toc-heading-level-2'><a class=\"ez-toc-link ez-toc-heading-3\" href=\"https:\/\/www.callie.es\/blog\/la-magia-de-las-raices-collar-arbol-de-la-vida-de-cristal-y-plata-esterlina\/#Especificaciones_del_producto\" title=\"Especificaciones del producto\">Especificaciones del producto<\/a><\/li><li class='ez-toc-page-1 ez-toc-heading-level-2'><a class=\"ez-toc-link ez-toc-heading-4\" href=\"https:\/\/www.callie.es\/blog\/la-magia-de-las-raices-collar-arbol-de-la-vida-de-cristal-y-plata-esterlina\/#Pasos_para_disenar_tu_collar_personalizado\" title=\"Pasos para dise\u00f1ar tu collar personalizado\">Pasos para dise\u00f1ar tu collar personalizado<\/a><\/li><li class='ez-toc-page-1 ez-toc-heading-level-2'><a class=\"ez-toc-link ez-toc-heading-5\" href=\"https:\/\/www.callie.es\/blog\/la-magia-de-las-raices-collar-arbol-de-la-vida-de-cristal-y-plata-esterlina\/#Consejos_de_limpieza_y_conservacion\" title=\"Consejos de limpieza y conservaci\u00f3n\">Consejos de limpieza y conservaci\u00f3n<\/a><\/li><li class='ez-toc-page-1 ez-toc-heading-level-2'><a class=\"ez-toc-link ez-toc-heading-6\" href=\"https:\/\/www.callie.es\/blog\/la-magia-de-las-raices-collar-arbol-de-la-vida-de-cristal-y-plata-esterlina\/#Un_regalo_lleno_de_amor_para_cualquier_ocasion\" title=\"Un regalo lleno de amor para cualquier ocasi\u00f3n\">Un regalo lleno de amor para cualquier ocasi\u00f3n<\/a><\/li><li class='ez-toc-page-1 ez-toc-heading-level-2'><a class=\"ez-toc-link ez-toc-heading-7\" href=\"https:\/\/www.callie.es\/blog\/la-magia-de-las-raices-collar-arbol-de-la-vida-de-cristal-y-plata-esterlina\/#Preguntas_frecuentes\" title=\"Preguntas frecuentes\">Preguntas frecuentes<\/a><ul class='ez-toc-list-level-3' ><li class='ez-toc-heading-level-3'><a class=\"ez-toc-link ez-toc-heading-8\" href=\"https:\/\/www.callie.es\/blog\/la-magia-de-las-raices-collar-arbol-de-la-vida-de-cristal-y-plata-esterlina\/#%C2%BFDe_que_materiales_esta_fabricado_el_collar\" title=\"\u00bfDe qu\u00e9 materiales est\u00e1 fabricado el collar?\">\u00bfDe qu\u00e9 materiales est\u00e1 fabricado el collar?<\/a><\/li><li class='ez-toc-page-1 ez-toc-heading-level-3'><a class=\"ez-toc-link ez-toc-heading-9\" href=\"https:\/\/www.callie.es\/blog\/la-magia-de-las-raices-collar-arbol-de-la-vida-de-cristal-y-plata-esterlina\/#%C2%BFCuantas_iniciales_y_piedras_de_nacimiento_se_pueden_anadir\" title=\"\u00bfCu\u00e1ntas iniciales y piedras de nacimiento se pueden a\u00f1adir?\">\u00bfCu\u00e1ntas iniciales y piedras de nacimiento se pueden a\u00f1adir?<\/a><\/li><li class='ez-toc-page-1 ez-toc-heading-level-3'><a class=\"ez-toc-link ez-toc-heading-10\" href=\"https:\/\/www.callie.es\/blog\/la-magia-de-las-raices-collar-arbol-de-la-vida-de-cristal-y-plata-esterlina\/#%C2%BFQue_opciones_de_longitud_de_cadena_estan_disponibles\" title=\"\u00bfQu\u00e9 opciones de longitud de cadena est\u00e1n disponibles?\">\u00bfQu\u00e9 opciones de longitud de cadena est\u00e1n disponibles?<\/a><\/li><li class='ez-toc-page-1 ez-toc-heading-level-3'><a class=\"ez-toc-link ez-toc-heading-11\" href=\"https:\/\/www.callie.es\/blog\/la-magia-de-las-raices-collar-arbol-de-la-vida-de-cristal-y-plata-esterlina\/#%C2%BFEs_seguro_para_pieles_sensibles\" title=\"\u00bfEs seguro para pieles sensibles?\">\u00bfEs seguro para pieles sensibles?<\/a><\/li><li class='ez-toc-page-1 ez-toc-heading-level-3'><a class=\"ez-toc-link ez-toc-heading-12\" href=\"https:\/\/www.callie.es\/blog\/la-magia-de-las-raices-collar-arbol-de-la-vida-de-cristal-y-plata-esterlina\/#%C2%BFQue_incluye_el_paquete_al_recibir_el_pedido\" title=\"\u00bfQu\u00e9 incluye el paquete al recibir el pedido?\">\u00bfQu\u00e9 incluye el paquete al recibir el pedido?<\/a><\/li><\/ul><\/li><\/ul><\/nav><\/div>\n<h2 class=\"wp-block-heading\"><span class=\"ez-toc-section\" id=\"Un_diseno_inspirado_en_la_energia_del_universo_y_las_raices_familiares\"><\/span>Un dise\u00f1o inspirado en la energ\u00eda del universo y las ra\u00edces familiares<span class=\"ez-toc-section-end\"><\/span><\/h2>\n\n\n\n<p>Este exquisito collar entrelaza la simbolog\u00eda del \u00e1rbol geneal\u00f3gico con el concepto del <strong>anillo c\u00f3smico<\/strong>, capturando la luz natural y reflejando una energ\u00eda llena de encanto. Fabricado en plata de ley con finas t\u00e9cnicas de pulido, ofrece un acabado suave, brillante y muy resistente.<\/p>\n\n\n\n<p>Su silueta circular enmarca un deslumbrante cristal circular \u2014disponible en tono azul o colorido\u2014 que sirve de fondo para la intrincada figura de la copa del \u00e1rbol. Adem\u00e1s, permite incorporar de 1 a 2 iniciales y piedras de nacimiento que cuelgan delicadamente entre sus ramas.<\/p>\n\n\n\n<figure class=\"wp-block-image size-large\"><a href=\"https:\/\/www.callie.es\/custom-family-tree-of-life-with-initials-blue-circle-crystal-necklace-for-women\" target=\"_blank\" rel=\"noreferrer noopener\"><img decoding=\"async\" src=\"https:\/\/d3ouql8tmwncoe.cloudfront.net\/uploads\/20250108\/596edfcdf13958a521e8ef4687fd0e9f.jpg?d=1000\" alt=\"Collar personalizado \u00e1rbol de la vida de cristal y plata esterlina con 12 piedras de nacimiento e iniciales regalo de cumplea\u00f1os para mujeres\"\/><\/a><\/figure>\n\n\n\n<h2 class=\"wp-block-heading\"><span class=\"ez-toc-section\" id=\"Caracteristicas_destacadas_y_materiales\"><\/span>Caracter\u00edsticas destacadas y materiales<span class=\"ez-toc-section-end\"><\/span><\/h2>\n\n\n\n<p>Pensado para mantener su belleza a lo largo del tiempo, este accesorio re\u00fane las mejores cualidades de la alta joyer\u00eda artesanal:<\/p>\n\n\n\n<ul>\n<li><strong>Plata de ley de alta calidad<\/strong>: Material seguro, antioxidante e hipoalerg\u00e9nico que previene la decoloraci\u00f3n.<\/li>\n\n\n\n<li><strong>Cristales de alto brillo<\/strong>: Dise\u00f1ados para refractar la luz de forma deslumbrante gracias a sus cortes precisos y su pureza.<\/li>\n\n\n\n<li><strong>Personalizaci\u00f3n a la medida<\/strong>: Configuraci\u00f3n de 1 a 2 iniciales grabadas junto con las piedras de nacimiento deseadas.<\/li>\n\n\n\n<li><strong>Dos tonos de cristal principal<\/strong>: Opci\u00f3n de elegir un elegante cristal azul profundo o un vibrante cristal multicolor.<\/li>\n\n\n\n<li><strong>Cadena Portacable vers\u00e1til<\/strong>: Incluye una cadena resistente disponible en 5 diferentes longitudes ajustables.<\/li>\n<\/ul>\n\n\n\n<figure class=\"wp-block-image size-large\"><a href=\"https:\/\/www.callie.es\/custom-family-tree-of-life-with-initials-blue-circle-crystal-necklace-for-women\" target=\"_blank\" rel=\"noreferrer noopener\"><img decoding=\"async\" src=\"https:\/\/d3ouql8tmwncoe.cloudfront.net\/uploads\/20250108\/75b70e0a045434bc9272d4f65d733551.jpg?d=1000\" alt=\"Collar personalizado \u00e1rbol de la vida de cristal y plata esterlina con 12 piedras de nacimiento e iniciales regalo de cumplea\u00f1os para mujeres\"\/><\/a><\/figure>\n\n\n\n<h2 class=\"wp-block-heading\"><span class=\"ez-toc-section\" id=\"Especificaciones_del_producto\"><\/span>Especificaciones del producto<span class=\"ez-toc-section-end\"><\/span><\/h2>\n\n\n\n<p>A continuaci\u00f3n, se indican los detalles t\u00e9cnicos y medidas del collar:<\/p>\n\n\n\n<figure class=\"wp-block-table\"><table><thead><tr><td><strong>Caracter\u00edstica<\/strong><\/td><td><strong>Detalle<\/strong><\/td><\/tr><\/thead><tbody><tr><td><strong>Material principal<\/strong><\/td><td>Plata de ley (Plata Esterlina)<\/td><\/tr><tr><td><strong>Dimensiones del colgante<\/strong><\/td><td>2,2 cm x 2,2 cm x 0,7 cm<\/td><\/tr><tr><td><strong>Opciones de longitud de cadena<\/strong><\/td><td>35 cm (14&#8243;), 40 cm (16&#8243;), 45 cm (18&#8243;), 50 cm (20&#8243;) y 55 cm (22&#8243;)<\/td><\/tr><tr><td><strong>Tipo de cadena<\/strong><\/td><td>Cadena Portacable<\/td><\/tr><tr><td><strong>Propiedades<\/strong><\/td><td>Antioxidante, hipoalerg\u00e9nico, libre de sustancias nocivas<\/td><\/tr><tr><td><strong>Presentaci\u00f3n<\/strong><\/td><td>Incluye caja de regalo, pa\u00f1o para pulir plata y tarjeta de cuidados<\/td><\/tr><\/tbody><\/table><\/figure>\n\n\n\n<figure class=\"wp-block-image size-large\"><a href=\"https:\/\/www.callie.es\/custom-family-tree-of-life-with-initials-blue-circle-crystal-necklace-for-women\" target=\"_blank\" rel=\"noreferrer noopener\"><img decoding=\"async\" src=\"https:\/\/d3ouql8tmwncoe.cloudfront.net\/uploads\/20250108\/bdd58abf01e644cf42b74db636176bf2.jpg?d=1000\" alt=\"Collar personalizado \u00e1rbol de la vida de cristal y plata esterlina con 12 piedras de nacimiento e iniciales regalo de cumplea\u00f1os para mujeres\"\/><\/a><\/figure>\n\n\n\n<h2 class=\"wp-block-heading\"><span class=\"ez-toc-section\" id=\"Pasos_para_disenar_tu_collar_personalizado\"><\/span>Pasos para dise\u00f1ar tu collar personalizado<span class=\"ez-toc-section-end\"><\/span><\/h2>\n\n\n\n<p>Configurar tu joya \u00fanica es un proceso muy sencillo:<\/p>\n\n\n\n<ol start=\"1\">\n<li><strong>Elegir el color del cristal<\/strong>: Seleccionar el fondo del anillo entre el tono <strong>Azul<\/strong> o el <strong>Colorido<\/strong>.<\/li>\n\n\n\n<li><strong>Indicar el n\u00famero de iniciales<\/strong>: Seleccionar si deseas una o dos iniciales.<\/li>\n\n\n\n<li><strong>Escribir las iniciales<\/strong>: Introducir la letra o letras representativas que colgar\u00e1n del \u00e1rbol.<\/li>\n\n\n\n<li><strong>Seleccionar las piedras de nacimiento<\/strong>: Escoger las gemas correspondientes a los meses de nacimiento de tus seres queridos.<\/li>\n\n\n\n<li><strong>Elegir la longitud de la cadena<\/strong>: Seleccionar la medida de cadena (de 35 cm a 55 cm) que mejor se adapte a su estilo.<\/li>\n<\/ol>\n\n\n\n<figure class=\"wp-block-image size-large\"><a href=\"https:\/\/www.callie.es\/custom-family-tree-of-life-with-initials-blue-circle-crystal-necklace-for-women\" target=\"_blank\" rel=\"noreferrer noopener\"><img decoding=\"async\" src=\"https:\/\/d3ouql8tmwncoe.cloudfront.net\/uploads\/20250108\/49c99b40fe4eebb653dc43cdf426631e.jpg?d=1000\" alt=\"Collar personalizado \u00e1rbol de la vida de cristal y plata esterlina con 12 piedras de nacimiento e iniciales regalo de cumplea\u00f1os para mujeres\"\/><\/a><\/figure>\n\n\n\n<h2 class=\"wp-block-heading\"><span class=\"ez-toc-section\" id=\"Consejos_de_limpieza_y_conservacion\"><\/span>Consejos de limpieza y conservaci\u00f3n<span class=\"ez-toc-section-end\"><\/span><\/h2>\n\n\n\n<p>Para preservar el resplandor de la plata y la claridad del cristal:<\/p>\n\n\n\n<ul>\n<li><strong>Limpieza suave<\/strong>: Frotar con cuidado usando el pa\u00f1o de pulir plata incluido en la caja o lavar con agua jabonosa templada.<\/li>\n\n\n\n<li><strong>Almacenamiento protegido<\/strong>: Para evitar la oxidaci\u00f3n natural de la plata, guardar la pieza en bolsas de pl\u00e1stico con cierre herm\u00e9tico cuando no se use.<\/li>\n\n\n\n<li><strong>Evitar agentes abrasivos<\/strong>: No frotar en\u00e9rgicamente ni exponer la joya a productos qu\u00edmicos fuertes o perfumes directos.<\/li>\n<\/ul>\n\n\n\n<figure class=\"wp-block-image size-large\"><a href=\"https:\/\/www.callie.es\/custom-family-tree-of-life-with-initials-blue-circle-crystal-necklace-for-women\" target=\"_blank\" rel=\"noreferrer noopener\"><img decoding=\"async\" src=\"https:\/\/d3ouql8tmwncoe.cloudfront.net\/uploads\/20250108\/cad835443257365b807216a4a315195c.jpg?d=1000\" alt=\"Collar personalizado \u00e1rbol de la vida de cristal y plata esterlina con 12 piedras de nacimiento e iniciales regalo de cumplea\u00f1os para mujeres\"\/><\/a><\/figure>\n\n\n\n<h2 class=\"wp-block-heading\"><span class=\"ez-toc-section\" id=\"Un_regalo_lleno_de_amor_para_cualquier_ocasion\"><\/span>Un regalo lleno de amor para cualquier ocasi\u00f3n<span class=\"ez-toc-section-end\"><\/span><\/h2>\n\n\n\n<p>Presentado en una cuidada caja de regalo, este collar es una elecci\u00f3n perfecta para sorprender a madres, esposas, hijas, abuelas o amigas. Ya sea para un cumplea\u00f1os, el D\u00eda de la Madre, Navidad, San Valent\u00edn o un aniversario, es un detalle duradero que celebra los lazos familiares inquebrantables.<\/p>\n\n\n\n<h2 class=\"wp-block-heading\"><span class=\"ez-toc-section\" id=\"Preguntas_frecuentes\"><\/span>Preguntas frecuentes<span class=\"ez-toc-section-end\"><\/span><\/h2>\n\n\n\n<h3 class=\"wp-block-heading\"><span class=\"ez-toc-section\" id=\"%C2%BFDe_que_materiales_esta_fabricado_el_collar\"><\/span>\u00bfDe qu\u00e9 materiales est\u00e1 fabricado el collar?<span class=\"ez-toc-section-end\"><\/span><\/h3>\n\n\n\n<p>El collar y el colgante est\u00e1n fabricados en plata de ley (plata esterlina) antioxidante e hipoalerg\u00e9nica, combinados con cristales de alta refracci\u00f3n.<\/p>\n\n\n\n<h3 class=\"wp-block-heading\"><span class=\"ez-toc-section\" id=\"%C2%BFCuantas_iniciales_y_piedras_de_nacimiento_se_pueden_anadir\"><\/span>\u00bfCu\u00e1ntas iniciales y piedras de nacimiento se pueden a\u00f1adir?<span class=\"ez-toc-section-end\"><\/span><\/h3>\n\n\n\n<p>Se pueden configurar de 1 a 2 iniciales y las piedras de nacimiento correspondientes a los miembros de la familia.<\/p>\n\n\n\n<h3 class=\"wp-block-heading\"><span class=\"ez-toc-section\" id=\"%C2%BFQue_opciones_de_longitud_de_cadena_estan_disponibles\"><\/span>\u00bfQu\u00e9 opciones de longitud de cadena est\u00e1n disponibles?<span class=\"ez-toc-section-end\"><\/span><\/h3>\n\n\n\n<p>La cadena Portacable est\u00e1 disponible en 5 medidas: 35 cm, 40 cm, 45 cm, 50 cm y 55 cm.<\/p>\n\n\n\n<h3 class=\"wp-block-heading\"><span class=\"ez-toc-section\" id=\"%C2%BFEs_seguro_para_pieles_sensibles\"><\/span>\u00bfEs seguro para pieles sensibles?<span class=\"ez-toc-section-end\"><\/span><\/h3>\n\n\n\n<p>S\u00ed, al estar elaborado en plata de ley hipoalerg\u00e9nica, es apto para uso diario sin provocar irritaciones en la piel.<\/p>\n\n\n\n<h3 class=\"wp-block-heading\"><span class=\"ez-toc-section\" id=\"%C2%BFQue_incluye_el_paquete_al_recibir_el_pedido\"><\/span>\u00bfQu\u00e9 incluye el paquete al recibir el pedido?<span class=\"ez-toc-section-end\"><\/span><\/h3>\n\n\n\n<p>El collar viene presentado en una caja de regalo con un pa\u00f1o de limpieza especial para pulir plata y una tarjeta con instrucciones de cuidado.<\/p>\n\n\n\n<script type=\"application\/ld+json\">\n{\n  \"@context\": \"https:\/\/schema.org\",\n  \"@type\": \"FAQPage\",\n  \"mainEntity\": [\n    {\n      \"@type\": \"Question\",\n      \"name\": \"\u00bfDe qu\u00e9 materiales est\u00e1 fabricado el collar?\",\n      \"acceptedAnswer\": {\n        \"@type\": \"Answer\",\n        \"text\": \"El collar y el colgante est\u00e1n fabricados en plata de ley (plata esterlina) antioxidante e hipoalerg\u00e9nica, combinados con cristales de alta refracci\u00f3n.\"\n      }\n    },\n    {\n      \"@type\": \"Question\",\n      \"name\": \"\u00bfCu\u00e1ntas iniciales y piedras de nacimiento se pueden a\u00f1adir?\",\n      \"acceptedAnswer\": {\n        \"@type\": \"Answer\",\n        \"text\": \"Se pueden configurar de 1 a 2 iniciales y las piedras de nacimiento correspondientes a los miembros de la familia.\"\n      }\n    },\n    {\n      \"@type\": \"Question\",\n      \"name\": \"\u00bfQu\u00e9 opciones de longitud de cadena est\u00e1n disponibles?\",\n      \"acceptedAnswer\": {\n        \"@type\": \"Answer\",\n        \"text\": \"La cadena Portacable est\u00e1 disponible en 5 medidas: 35 cm, 40 cm, 45 cm, 50 cm y 55 cm.\"\n      }\n    },\n    {\n      \"@type\": \"Question\",\n      \"name\": \"\u00bfEs seguro para pieles sensibles?\",\n      \"acceptedAnswer\": {\n        \"@type\": \"Answer\",\n        \"text\": \"S\u00ed, al estar elaborado en plata de ley hipoalerg\u00e9nica, es apto para uso diario sin provocar irritaciones en la piel.\"\n      }\n    },\n    {\n      \"@type\": \"Question\",\n      \"name\": \"\u00bfQu\u00e9 incluye el paquete al recibir el pedido?\",\n      \"acceptedAnswer\": {\n        \"@type\": \"Answer\",\n        \"text\": \"El collar viene presentado en una caja de regalo con un pa\u00f1o de limpieza especial para pulir plata y una tarjeta con instrucciones de cuidado.\"\n      }\n    }\n  ]\n}\n<\/script>\n","protected":false},"excerpt":{"rendered":"<p>Las joyas personalizadas poseen el poder \u00fanico de contar historias familiares, evocar recuerdos imborrables y llevar a nuestros seres queridos siempre cerca del coraz\u00f3n. Entre los s\u00edmbolos m\u00e1s emotivos y universales de la joyer\u00eda, el \u00c1rbol de la Vida representa la salud, el crecimiento, la fuerza y la uni\u00f3n familiar que perdura a trav\u00e9s del [&hellip;]<\/p>\n","protected":false},"author":6,"featured_media":1174,"comment_status":"open","ping_status":"open","sticky":false,"template":"","format":"standard","meta":{"footnotes":""},"categories":[1],"tags":[752,751,754,753],"yoast_head":"<!-- This site is optimized with the Yoast SEO plugin v22.7 - https:\/\/yoast.com\/wordpress\/plugins\/seo\/ -->\n<title>La magia de las ra\u00edces: Collar \u00e1rbol de la vida de cristal y plata esterlina - Callie Blog<\/title>\n<meta name=\"description\" content=\"Collar \u00e1rbol de la vida de plata de ley y cristal con iniciales y piedras de nacimiento. El regalo personalizado perfecto para madres, esposas y abuelas.\" \/>\n<meta name=\"robots\" content=\"index, follow, max-snippet:-1, max-image-preview:large, max-video-preview:-1\" \/>\n<link rel=\"canonical\" href=\"https:\/\/www.callie.es\/blog\/la-magia-de-las-raices-collar-arbol-de-la-vida-de-cristal-y-plata-esterlina\/\" \/>\n<meta property=\"og:locale\" content=\"en_US\" \/>\n<meta property=\"og:type\" content=\"article\" \/>\n<meta property=\"og:title\" content=\"La magia de las ra\u00edces: Collar \u00e1rbol de la vida de cristal y plata esterlina - Callie Blog\" \/>\n<meta property=\"og:description\" content=\"Collar \u00e1rbol de la vida de plata de ley y cristal con iniciales y piedras de nacimiento. El regalo personalizado perfecto para madres, esposas y abuelas.\" \/>\n<meta property=\"og:url\" content=\"https:\/\/www.callie.es\/blog\/la-magia-de-las-raices-collar-arbol-de-la-vida-de-cristal-y-plata-esterlina\/\" \/>\n<meta property=\"og:site_name\" content=\"Callie Blog\" \/>\n<meta property=\"article:published_time\" content=\"2026-08-29T09:21:56+00:00\" \/>\n<meta property=\"article:modified_time\" content=\"2026-08-26T09:25:18+00:00\" \/>\n<meta property=\"og:image\" content=\"https:\/\/www.callie.es\/blog\/wp-content\/uploads\/2026\/08\/70754f8eea411c1b47253a307cc92807.jpg\" \/>\n\t<meta property=\"og:image:width\" content=\"1000\" \/>\n\t<meta property=\"og:image:height\" content=\"1000\" \/>\n\t<meta property=\"og:image:type\" content=\"image\/jpeg\" \/>\n<meta name=\"author\" content=\"Oli\" \/>\n<meta name=\"twitter:card\" content=\"summary_large_image\" \/>\n<meta name=\"twitter:label1\" content=\"Written by\" \/>\n\t<meta name=\"twitter:data1\" content=\"Oli\" \/>\n\t<meta name=\"twitter:label2\" content=\"Est. reading time\" \/>\n\t<meta name=\"twitter:data2\" content=\"5 minutes\" \/>\n<script type=\"application\/ld+json\" class=\"yoast-schema-graph\">{\"@context\":\"https:\/\/schema.org\",\"@graph\":[{\"@type\":\"WebPage\",\"@id\":\"https:\/\/www.callie.es\/blog\/la-magia-de-las-raices-collar-arbol-de-la-vida-de-cristal-y-plata-esterlina\/\",\"url\":\"https:\/\/www.callie.es\/blog\/la-magia-de-las-raices-collar-arbol-de-la-vida-de-cristal-y-plata-esterlina\/\",\"name\":\"La magia de las ra\u00edces: Collar \u00e1rbol de la vida de cristal y plata esterlina - Callie Blog\",\"isPartOf\":{\"@id\":\"https:\/\/www.callie.es\/blog\/#website\"},\"primaryImageOfPage\":{\"@id\":\"https:\/\/www.callie.es\/blog\/la-magia-de-las-raices-collar-arbol-de-la-vida-de-cristal-y-plata-esterlina\/#primaryimage\"},\"image\":{\"@id\":\"https:\/\/www.callie.es\/blog\/la-magia-de-las-raices-collar-arbol-de-la-vida-de-cristal-y-plata-esterlina\/#primaryimage\"},\"thumbnailUrl\":\"https:\/\/www.callie.es\/blog\/wp-content\/uploads\/2026\/08\/70754f8eea411c1b47253a307cc92807.jpg\",\"datePublished\":\"2026-08-29T09:21:56+00:00\",\"dateModified\":\"2026-08-26T09:25:18+00:00\",\"author\":{\"@id\":\"https:\/\/www.callie.es\/blog\/#\/schema\/person\/cfb146bb9662724724723b20ed0ed8bc\"},\"description\":\"Collar \u00e1rbol de la vida de plata de ley y cristal con iniciales y piedras de nacimiento. El regalo personalizado perfecto para madres, esposas y abuelas.\",\"breadcrumb\":{\"@id\":\"https:\/\/www.callie.es\/blog\/la-magia-de-las-raices-collar-arbol-de-la-vida-de-cristal-y-plata-esterlina\/#breadcrumb\"},\"inLanguage\":\"en-US\",\"potentialAction\":[{\"@type\":\"ReadAction\",\"target\":[\"https:\/\/www.callie.es\/blog\/la-magia-de-las-raices-collar-arbol-de-la-vida-de-cristal-y-plata-esterlina\/\"]}]},{\"@type\":\"ImageObject\",\"inLanguage\":\"en-US\",\"@id\":\"https:\/\/www.callie.es\/blog\/la-magia-de-las-raices-collar-arbol-de-la-vida-de-cristal-y-plata-esterlina\/#primaryimage\",\"url\":\"https:\/\/www.callie.es\/blog\/wp-content\/uploads\/2026\/08\/70754f8eea411c1b47253a307cc92807.jpg\",\"contentUrl\":\"https:\/\/www.callie.es\/blog\/wp-content\/uploads\/2026\/08\/70754f8eea411c1b47253a307cc92807.jpg\",\"width\":1000,\"height\":1000},{\"@type\":\"BreadcrumbList\",\"@id\":\"https:\/\/www.callie.es\/blog\/la-magia-de-las-raices-collar-arbol-de-la-vida-de-cristal-y-plata-esterlina\/#breadcrumb\",\"itemListElement\":[{\"@type\":\"ListItem\",\"position\":1,\"name\":\"Home\",\"item\":\"https:\/\/www.callie.es\/blog\/\"},{\"@type\":\"ListItem\",\"position\":2,\"name\":\"La magia de las ra\u00edces: Collar \u00e1rbol de la vida de cristal y plata esterlina\"}]},{\"@type\":\"WebSite\",\"@id\":\"https:\/\/www.callie.es\/blog\/#website\",\"url\":\"https:\/\/www.callie.es\/blog\/\",\"name\":\"Callie Blog\",\"description\":\"Regalos, Relaciones, la vida\",\"potentialAction\":[{\"@type\":\"SearchAction\",\"target\":{\"@type\":\"EntryPoint\",\"urlTemplate\":\"https:\/\/www.callie.es\/blog\/?s={search_term_string}\"},\"query-input\":\"required name=search_term_string\"}],\"inLanguage\":\"en-US\"},{\"@type\":\"Person\",\"@id\":\"https:\/\/www.callie.es\/blog\/#\/schema\/person\/cfb146bb9662724724723b20ed0ed8bc\",\"name\":\"Oli\",\"image\":{\"@type\":\"ImageObject\",\"inLanguage\":\"en-US\",\"@id\":\"https:\/\/www.callie.es\/blog\/#\/schema\/person\/image\/\",\"url\":\"https:\/\/secure.gravatar.com\/avatar\/5e54508c5b1241315e526d14a2ac4b38?s=96&d=mm&r=g\",\"contentUrl\":\"https:\/\/secure.gravatar.com\/avatar\/5e54508c5b1241315e526d14a2ac4b38?s=96&d=mm&r=g\",\"caption\":\"Oli\"},\"url\":\"https:\/\/www.callie.es\/blog\/author\/oli\/\"}]}<\/script>\n<!-- \/ Yoast SEO plugin. -->","yoast_head_json":{"title":"La magia de las ra\u00edces: Collar \u00e1rbol de la vida de cristal y plata esterlina - Callie Blog","description":"Collar \u00e1rbol de la vida de plata de ley y cristal con iniciales y piedras de nacimiento. El regalo personalizado perfecto para madres, esposas y abuelas.","robots":{"index":"index","follow":"follow","max-snippet":"max-snippet:-1","max-image-preview":"max-image-preview:large","max-video-preview":"max-video-preview:-1"},"canonical":"https:\/\/www.callie.es\/blog\/la-magia-de-las-raices-collar-arbol-de-la-vida-de-cristal-y-plata-esterlina\/","og_locale":"en_US","og_type":"article","og_title":"La magia de las ra\u00edces: Collar \u00e1rbol de la vida de cristal y plata esterlina - Callie Blog","og_description":"Collar \u00e1rbol de la vida de plata de ley y cristal con iniciales y piedras de nacimiento. El regalo personalizado perfecto para madres, esposas y abuelas.","og_url":"https:\/\/www.callie.es\/blog\/la-magia-de-las-raices-collar-arbol-de-la-vida-de-cristal-y-plata-esterlina\/","og_site_name":"Callie Blog","article_published_time":"2026-08-29T09:21:56+00:00","article_modified_time":"2026-08-26T09:25:18+00:00","og_image":[{"width":1000,"height":1000,"url":"https:\/\/www.callie.es\/blog\/wp-content\/uploads\/2026\/08\/70754f8eea411c1b47253a307cc92807.jpg","type":"image\/jpeg"}],"author":"Oli","twitter_card":"summary_large_image","twitter_misc":{"Written by":"Oli","Est. reading time":"5 minutes"},"schema":{"@context":"https:\/\/schema.org","@graph":[{"@type":"WebPage","@id":"https:\/\/www.callie.es\/blog\/la-magia-de-las-raices-collar-arbol-de-la-vida-de-cristal-y-plata-esterlina\/","url":"https:\/\/www.callie.es\/blog\/la-magia-de-las-raices-collar-arbol-de-la-vida-de-cristal-y-plata-esterlina\/","name":"La magia de las ra\u00edces: Collar \u00e1rbol de la vida de cristal y plata esterlina - Callie Blog","isPartOf":{"@id":"https:\/\/www.callie.es\/blog\/#website"},"primaryImageOfPage":{"@id":"https:\/\/www.callie.es\/blog\/la-magia-de-las-raices-collar-arbol-de-la-vida-de-cristal-y-plata-esterlina\/#primaryimage"},"image":{"@id":"https:\/\/www.callie.es\/blog\/la-magia-de-las-raices-collar-arbol-de-la-vida-de-cristal-y-plata-esterlina\/#primaryimage"},"thumbnailUrl":"https:\/\/www.callie.es\/blog\/wp-content\/uploads\/2026\/08\/70754f8eea411c1b47253a307cc92807.jpg","datePublished":"2026-08-29T09:21:56+00:00","dateModified":"2026-08-26T09:25:18+00:00","author":{"@id":"https:\/\/www.callie.es\/blog\/#\/schema\/person\/cfb146bb9662724724723b20ed0ed8bc"},"description":"Collar \u00e1rbol de la vida de plata de ley y cristal con iniciales y piedras de nacimiento. El regalo personalizado perfecto para madres, esposas y abuelas.","breadcrumb":{"@id":"https:\/\/www.callie.es\/blog\/la-magia-de-las-raices-collar-arbol-de-la-vida-de-cristal-y-plata-esterlina\/#breadcrumb"},"inLanguage":"en-US","potentialAction":[{"@type":"ReadAction","target":["https:\/\/www.callie.es\/blog\/la-magia-de-las-raices-collar-arbol-de-la-vida-de-cristal-y-plata-esterlina\/"]}]},{"@type":"ImageObject","inLanguage":"en-US","@id":"https:\/\/www.callie.es\/blog\/la-magia-de-las-raices-collar-arbol-de-la-vida-de-cristal-y-plata-esterlina\/#primaryimage","url":"https:\/\/www.callie.es\/blog\/wp-content\/uploads\/2026\/08\/70754f8eea411c1b47253a307cc92807.jpg","contentUrl":"https:\/\/www.callie.es\/blog\/wp-content\/uploads\/2026\/08\/70754f8eea411c1b47253a307cc92807.jpg","width":1000,"height":1000},{"@type":"BreadcrumbList","@id":"https:\/\/www.callie.es\/blog\/la-magia-de-las-raices-collar-arbol-de-la-vida-de-cristal-y-plata-esterlina\/#breadcrumb","itemListElement":[{"@type":"ListItem","position":1,"name":"Home","item":"https:\/\/www.callie.es\/blog\/"},{"@type":"ListItem","position":2,"name":"La magia de las ra\u00edces: Collar \u00e1rbol de la vida de cristal y plata esterlina"}]},{"@type":"WebSite","@id":"https:\/\/www.callie.es\/blog\/#website","url":"https:\/\/www.callie.es\/blog\/","name":"Callie Blog","description":"Regalos, Relaciones, la vida","potentialAction":[{"@type":"SearchAction","target":{"@type":"EntryPoint","urlTemplate":"https:\/\/www.callie.es\/blog\/?s={search_term_string}"},"query-input":"required name=search_term_string"}],"inLanguage":"en-US"},{"@type":"Person","@id":"https:\/\/www.callie.es\/blog\/#\/schema\/person\/cfb146bb9662724724723b20ed0ed8bc","name":"Oli","image":{"@type":"ImageObject","inLanguage":"en-US","@id":"https:\/\/www.callie.es\/blog\/#\/schema\/person\/image\/","url":"https:\/\/secure.gravatar.com\/avatar\/5e54508c5b1241315e526d14a2ac4b38?s=96&d=mm&r=g","contentUrl":"https:\/\/secure.gravatar.com\/avatar\/5e54508c5b1241315e526d14a2ac4b38?s=96&d=mm&r=g","caption":"Oli"},"url":"https:\/\/www.callie.es\/blog\/author\/oli\/"}]}},"_links":{"self":[{"href":"https:\/\/www.callie.es\/blog\/wp-json\/wp\/v2\/posts\/1173"}],"collection":[{"href":"https:\/\/www.callie.es\/blog\/wp-json\/wp\/v2\/posts"}],"about":[{"href":"https:\/\/www.callie.es\/blog\/wp-json\/wp\/v2\/types\/post"}],"author":[{"embeddable":true,"href":"https:\/\/www.callie.es\/blog\/wp-json\/wp\/v2\/users\/6"}],"replies":[{"embeddable":true,"href":"https:\/\/www.callie.es\/blog\/wp-json\/wp\/v2\/comments?post=1173"}],"version-history":[{"count":1,"href":"https:\/\/www.callie.es\/blog\/wp-json\/wp\/v2\/posts\/1173\/revisions"}],"predecessor-version":[{"id":1175,"href":"https:\/\/www.callie.es\/blog\/wp-json\/wp\/v2\/posts\/1173\/revisions\/1175"}],"wp:featuredmedia":[{"embeddable":true,"href":"https:\/\/www.callie.es\/blog\/wp-json\/wp\/v2\/media\/1174"}],"wp:attachment":[{"href":"https:\/\/www.callie.es\/blog\/wp-json\/wp\/v2\/media?parent=1173"}],"wp:term":[{"taxonomy":"category","embeddable":true,"href":"https:\/\/www.callie.es\/blog\/wp-json\/wp\/v2\/categories?post=1173"},{"taxonomy":"post_tag","embeddable":true,"href":"https:\/\/www.callie.es\/blog\/wp-json\/wp\/v2\/tags?post=1173"}],"curies":[{"name":"wp","href":"https:\/\/api.w.org\/{rel}","templated":true}]}}