{"id":1170,"date":"2026-08-29T09:17:28","date_gmt":"2026-08-29T09:17:28","guid":{"rendered":"https:\/\/www.callie.es\/blog\/?p=1170"},"modified":"2026-08-26T09:21:00","modified_gmt":"2026-08-26T09:21:00","slug":"elegancia-y-personalidad-en-cada-detalle-el-cinturon-de-cuero-grabado-para-el","status":"publish","type":"post","link":"https:\/\/www.callie.es\/blog\/elegancia-y-personalidad-en-cada-detalle-el-cinturon-de-cuero-grabado-para-el\/","title":{"rendered":"Elegancia y personalidad en cada detalle: El cintur\u00f3n de cuero grabado para \u00e9l"},"content":{"rendered":"\n<p>Un buen cintur\u00f3n es un elemento imprescindible en el armario masculino. M\u00e1s all\u00e1 de su evidente funci\u00f3n pr\u00e1ctica, es un accesorio clave que aporta estructura, car\u00e1cter y distinci\u00f3n a cualquier atuendo, ya sea para un traje de vestir o para un atuendo casual de uso diario.<\/p>\n\n\n\n<p>Cuando un accesorio de uso cotidiano se elabora con materiales de calidad y se personaliza con grabados exclusivos \u2014como monogramas, iniciales, nombres o mensajes secretos en el reverso\u2014, deja de ser una prenda com\u00fan para convertirse en un recuerdo lleno de valor sentimental y sofisticaci\u00f3n.<\/p>\n\n\n\n<p>Si buscas un detalle duradero y lleno de elegancia para sorprender a un hombre especial, te presentamos el <a target=\"_blank\" rel=\"noreferrer noopener\" href=\"https:\/\/www.callie.es\/personalized-durable-leather-engraved-monogram-belt-fathers-day-anniversary-gift-for-him\">cintur\u00f3n de cuero personalizado hecho a mano con monograma y nombre grabado<\/a>. Una propuesta perfecta para el D\u00eda del Padre, aniversarios o cumplea\u00f1os. Descubre m\u00e1s alternativas de regalo explorando la colecci\u00f3n completa de <a target=\"_blank\" rel=\"noreferrer noopener\" href=\"https:\/\/www.callie.es\/\">regalos personalizados<\/a>.<\/p>\n\n\n\n<div id=\"ez-toc-container\" class=\"ez-toc-v2_0_71 counter-hierarchy ez-toc-counter ez-toc-grey ez-toc-container-direction\">\n<div class=\"ez-toc-title-container\">\n<p class=\"ez-toc-title\" style=\"cursor:inherit\">Table of Contents<\/p>\n<span class=\"ez-toc-title-toggle\"><a href=\"#\" class=\"ez-toc-pull-right ez-toc-btn ez-toc-btn-xs ez-toc-btn-default ez-toc-toggle\" aria-label=\"Toggle Table of Content\"><span class=\"ez-toc-js-icon-con\"><span class=\"\"><span class=\"eztoc-hide\" style=\"display:none;\">Toggle<\/span><span class=\"ez-toc-icon-toggle-span\"><svg style=\"fill: #999;color:#999\" xmlns=\"http:\/\/www.w3.org\/2000\/svg\" class=\"list-377408\" width=\"20px\" height=\"20px\" viewBox=\"0 0 24 24\" fill=\"none\"><path d=\"M6 6H4v2h2V6zm14 0H8v2h12V6zM4 11h2v2H4v-2zm16 0H8v2h12v-2zM4 16h2v2H4v-2zm16 0H8v2h12v-2z\" fill=\"currentColor\"><\/path><\/svg><svg style=\"fill: #999;color:#999\" class=\"arrow-unsorted-368013\" xmlns=\"http:\/\/www.w3.org\/2000\/svg\" width=\"10px\" height=\"10px\" viewBox=\"0 0 24 24\" version=\"1.2\" baseProfile=\"tiny\"><path d=\"M18.2 9.3l-6.2-6.3-6.2 6.3c-.2.2-.3.4-.3.7s.1.5.3.7c.2.2.4.3.7.3h11c.3 0 .5-.1.7-.3.2-.2.3-.5.3-.7s-.1-.5-.3-.7zM5.8 14.7l6.2 6.3 6.2-6.3c.2-.2.3-.5.3-.7s-.1-.5-.3-.7c-.2-.2-.4-.3-.7-.3h-11c-.3 0-.5.1-.7.3-.2.2-.3.5-.3.7s.1.5.3.7z\"\/><\/svg><\/span><\/span><\/span><\/a><\/span><\/div>\n<nav><ul class='ez-toc-list ez-toc-list-level-1 ' ><li class='ez-toc-page-1 ez-toc-heading-level-2'><a class=\"ez-toc-link ez-toc-heading-1\" href=\"https:\/\/www.callie.es\/blog\/elegancia-y-personalidad-en-cada-detalle-el-cinturon-de-cuero-grabado-para-el\/#%C2%BFQue_hace_especial_a_este_cinturon_de_cuero_personalizado\" title=\"\u00bfQu\u00e9 hace especial a este cintur\u00f3n de cuero personalizado?\">\u00bfQu\u00e9 hace especial a este cintur\u00f3n de cuero personalizado?<\/a><\/li><li class='ez-toc-page-1 ez-toc-heading-level-2'><a class=\"ez-toc-link ez-toc-heading-2\" href=\"https:\/\/www.callie.es\/blog\/elegancia-y-personalidad-en-cada-detalle-el-cinturon-de-cuero-grabado-para-el\/#Disenos_atemporales_y_calidad_superior\" title=\"Dise\u00f1os atemporales y calidad superior\">Dise\u00f1os atemporales y calidad superior<\/a><\/li><li class='ez-toc-page-1 ez-toc-heading-level-2'><a class=\"ez-toc-link ez-toc-heading-3\" href=\"https:\/\/www.callie.es\/blog\/elegancia-y-personalidad-en-cada-detalle-el-cinturon-de-cuero-grabado-para-el\/#Guia_de_tallas_y_especificaciones_tecnicas\" title=\"Gu\u00eda de tallas y especificaciones t\u00e9cnicas\">Gu\u00eda de tallas y especificaciones t\u00e9cnicas<\/a><\/li><li class='ez-toc-page-1 ez-toc-heading-level-2'><a class=\"ez-toc-link ez-toc-heading-4\" href=\"https:\/\/www.callie.es\/blog\/elegancia-y-personalidad-en-cada-detalle-el-cinturon-de-cuero-grabado-para-el\/#Pasos_para_personalizar_tu_cinturon_de_cuero\" title=\"Pasos para personalizar tu cintur\u00f3n de cuero\">Pasos para personalizar tu cintur\u00f3n de cuero<\/a><\/li><li class='ez-toc-page-1 ez-toc-heading-level-2'><a class=\"ez-toc-link ez-toc-heading-5\" href=\"https:\/\/www.callie.es\/blog\/elegancia-y-personalidad-en-cada-detalle-el-cinturon-de-cuero-grabado-para-el\/#Consejos_de_cuidado_y_recomendacion_de_uso\" title=\"Consejos de cuidado y recomendaci\u00f3n de uso\">Consejos de cuidado y recomendaci\u00f3n de uso<\/a><\/li><li class='ez-toc-page-1 ez-toc-heading-level-2'><a class=\"ez-toc-link ez-toc-heading-6\" href=\"https:\/\/www.callie.es\/blog\/elegancia-y-personalidad-en-cada-detalle-el-cinturon-de-cuero-grabado-para-el\/#El_regalo_ideal_para_cualquier_ocasion_especial\" title=\"El regalo ideal para cualquier ocasi\u00f3n especial\">El regalo ideal para cualquier ocasi\u00f3n especial<\/a><\/li><li class='ez-toc-page-1 ez-toc-heading-level-2'><a class=\"ez-toc-link ez-toc-heading-7\" href=\"https:\/\/www.callie.es\/blog\/elegancia-y-personalidad-en-cada-detalle-el-cinturon-de-cuero-grabado-para-el\/#Preguntas_frecuentes\" title=\"Preguntas frecuentes\">Preguntas frecuentes<\/a><ul class='ez-toc-list-level-3' ><li class='ez-toc-heading-level-3'><a class=\"ez-toc-link ez-toc-heading-8\" href=\"https:\/\/www.callie.es\/blog\/elegancia-y-personalidad-en-cada-detalle-el-cinturon-de-cuero-grabado-para-el\/#%C2%BFDe_que_materiales_esta_fabricado_este_cinturon\" title=\"\u00bfDe qu\u00e9 materiales est\u00e1 fabricado este cintur\u00f3n?\">\u00bfDe qu\u00e9 materiales est\u00e1 fabricado este cintur\u00f3n?<\/a><\/li><li class='ez-toc-page-1 ez-toc-heading-level-3'><a class=\"ez-toc-link ez-toc-heading-9\" href=\"https:\/\/www.callie.es\/blog\/elegancia-y-personalidad-en-cada-detalle-el-cinturon-de-cuero-grabado-para-el\/#%C2%BFSe_puede_grabar_texto_en_la_parte_interna_del_cinturon\" title=\"\u00bfSe puede grabar texto en la parte interna del cintur\u00f3n?\">\u00bfSe puede grabar texto en la parte interna del cintur\u00f3n?<\/a><\/li><li class='ez-toc-page-1 ez-toc-heading-level-3'><a class=\"ez-toc-link ez-toc-heading-10\" href=\"https:\/\/www.callie.es\/blog\/elegancia-y-personalidad-en-cada-detalle-el-cinturon-de-cuero-grabado-para-el\/#%C2%BFEn_que_colores_y_tallas_esta_disponible\" title=\"\u00bfEn qu\u00e9 colores y tallas est\u00e1 disponible?\">\u00bfEn qu\u00e9 colores y tallas est\u00e1 disponible?<\/a><\/li><li class='ez-toc-page-1 ez-toc-heading-level-3'><a class=\"ez-toc-link ez-toc-heading-11\" href=\"https:\/\/www.callie.es\/blog\/elegancia-y-personalidad-en-cada-detalle-el-cinturon-de-cuero-grabado-para-el\/#%C2%BFComo_se_recomienda_limpiar_el_cuero_para_no_estropear_el_grabado\" title=\"\u00bfC\u00f3mo se recomienda limpiar el cuero para no estropear el grabado?\">\u00bfC\u00f3mo se recomienda limpiar el cuero para no estropear el grabado?<\/a><\/li><li class='ez-toc-page-1 ez-toc-heading-level-3'><a class=\"ez-toc-link ez-toc-heading-12\" href=\"https:\/\/www.callie.es\/blog\/elegancia-y-personalidad-en-cada-detalle-el-cinturon-de-cuero-grabado-para-el\/#%C2%BFEl_cinturon_incluye_caja_de_regalo\" title=\"\u00bfEl cintur\u00f3n incluye caja de regalo?\">\u00bfEl cintur\u00f3n incluye caja de regalo?<\/a><\/li><\/ul><\/li><\/ul><\/nav><\/div>\n<h2 class=\"wp-block-heading\"><span class=\"ez-toc-section\" id=\"%C2%BFQue_hace_especial_a_este_cinturon_de_cuero_personalizado\"><\/span>\u00bfQu\u00e9 hace especial a este cintur\u00f3n de cuero personalizado?<span class=\"ez-toc-section-end\"><\/span><\/h2>\n\n\n\n<p>El <strong>cintur\u00f3n de cuero personalizado para hombre<\/strong> destaca por su confecci\u00f3n artesanal en cuero duradero acompa\u00f1ado de una hebilla met\u00e1lica de aleaci\u00f3n resistente.<\/p>\n\n\n\n<p>Su punto fuerte reside en las <strong>m\u00faltiples opciones de grabado personalizado<\/strong>: permite grabar en la parte frontal estilizados monogramas con iniciales o nombres, as\u00ed como inscribir una dedicatoria o fecha especial en la parte interior (reverso), creando un mensaje emotivo que solo \u00e9l sabr\u00e1 que est\u00e1 ah\u00ed.<\/p>\n\n\n\n<figure class=\"wp-block-image size-large\"><a href=\"https:\/\/www.callie.es\/personalized-durable-leather-engraved-monogram-belt-fathers-day-anniversary-gift-for-him\" target=\"_blank\" rel=\"noreferrer noopener\"><img decoding=\"async\" src=\"https:\/\/d3ouql8tmwncoe.cloudfront.net\/uploads\/20250221\/5f171b96cd56f1116c8df81b8c673633.jpeg?d=1000\" alt=\"Cintur\u00f3n de cuero personalizado duradero hecho a mano con monograma y nombre grabado regalo de D\u00eda del Padre San Valent\u00edn o aniversario para \u00e9l\"\/><\/a><\/figure>\n\n\n\n<h2 class=\"wp-block-heading\"><span class=\"ez-toc-section\" id=\"Disenos_atemporales_y_calidad_superior\"><\/span>Dise\u00f1os atemporales y calidad superior<span class=\"ez-toc-section-end\"><\/span><\/h2>\n\n\n\n<p>Pensado para adaptarse a distintos gustos y estilos de vestir, este cintur\u00f3n combina funcionalidad con excelentes acabados:<\/p>\n\n\n\n<ul>\n<li><strong>Cuero resistente y duradero<\/strong>: Seleccionado para soportar el uso diario sin perder su flexibilidad ni su atractivo acabado natural.<\/li>\n\n\n\n<li><strong>4 colores de estilo vintage<\/strong>: Disponible en tonos cl\u00e1sicos como negro, bronceado\/camel, marr\u00f3n y azul marino.<\/li>\n\n\n\n<li><strong>8 estilos de monogramas<\/strong>: Gran variedad de tipograf\u00edas y dise\u00f1os de monograma para elegir la est\u00e9tica que mejor encaje con su personalidad.<\/li>\n\n\n\n<li><strong>Grabado en anverso y reverso<\/strong>: Posibilidad de personalizar la cara visible con iniciales y el reverso con mensajes \u00edntimos como &#8220;Feliz D\u00eda del Padre, te amamos&#8221;.<\/li>\n<\/ul>\n\n\n\n<figure class=\"wp-block-image size-large\"><a href=\"https:\/\/www.callie.es\/personalized-durable-leather-engraved-monogram-belt-fathers-day-anniversary-gift-for-him\" target=\"_blank\" rel=\"noreferrer noopener\"><img decoding=\"async\" src=\"https:\/\/d3ouql8tmwncoe.cloudfront.net\/uploads\/20250221\/b3364ebc59250fcab238885e3db1fba1.jpg?d=1000\" alt=\"Cintur\u00f3n de cuero personalizado duradero hecho a mano con monograma y nombre grabado regalo de D\u00eda del Padre San Valent\u00edn o aniversario para \u00e9l\"\/><\/a><\/figure>\n\n\n\n<h2 class=\"wp-block-heading\"><span class=\"ez-toc-section\" id=\"Guia_de_tallas_y_especificaciones_tecnicas\"><\/span>Gu\u00eda de tallas y especificaciones t\u00e9cnicas<span class=\"ez-toc-section-end\"><\/span><\/h2>\n\n\n\n<p>Para garantizar un ajuste perfecto, el cintur\u00f3n est\u00e1 disponible en cinco longitudes distintas:<\/p>\n\n\n\n<figure class=\"wp-block-table\"><table><thead><tr><td><strong>Talla<\/strong><\/td><td><strong>Longitud total (Cent\u00edmetros)<\/strong><\/td><td><strong>Longitud equivalente (Pulgadas)<\/strong><\/td><\/tr><\/thead><tbody><tr><td><strong>XS<\/strong><\/td><td>105 cm<\/td><td>42&#8243;<\/td><\/tr><tr><td><strong>S<\/strong><\/td><td>110 cm<\/td><td>44&#8243;<\/td><\/tr><tr><td><strong>M<\/strong><\/td><td>115 cm<\/td><td>46&#8243;<\/td><\/tr><tr><td><strong>L<\/strong><\/td><td>120 cm<\/td><td>48&#8243;<\/td><\/tr><tr><td><strong>XL<\/strong><\/td><td>125 cm<\/td><td>50&#8243;<\/td><\/tr><\/tbody><\/table><\/figure>\n\n\n\n<p><strong>Especificaciones adicionales<\/strong>:<\/p>\n\n\n\n<ul>\n<li><strong>Material del cintur\u00f3n<\/strong>: Cuero de alta durabilidad.<\/li>\n\n\n\n<li><strong>Material de la hebilla<\/strong>: Aleaci\u00f3n met\u00e1lica de alta resistencia.<\/li>\n\n\n\n<li><strong>Opciones de color<\/strong>: Negro, Bronceado (Camel), Marr\u00f3n y Azul Marino.<\/li>\n<\/ul>\n\n\n\n<figure class=\"wp-block-image size-large\"><a href=\"https:\/\/www.callie.es\/personalized-durable-leather-engraved-monogram-belt-fathers-day-anniversary-gift-for-him\" target=\"_blank\" rel=\"noreferrer noopener\"><img decoding=\"async\" src=\"https:\/\/d3ouql8tmwncoe.cloudfront.net\/uploads\/20250221\/313f0e73ba64d62023f25f1f1daf490a.jpg?d=1000\" alt=\"Cintur\u00f3n de cuero personalizado duradero hecho a mano con monograma y nombre grabado regalo de D\u00eda del Padre San Valent\u00edn o aniversario para \u00e9l\"\/><\/a><\/figure>\n\n\n\n<h2 class=\"wp-block-heading\"><span class=\"ez-toc-section\" id=\"Pasos_para_personalizar_tu_cinturon_de_cuero\"><\/span>Pasos para personalizar tu cintur\u00f3n de cuero<span class=\"ez-toc-section-end\"><\/span><\/h2>\n\n\n\n<p>El proceso de personalizaci\u00f3n permite cuidar hasta el m\u00e1s m\u00ednimo detalle:<\/p>\n\n\n\n<ol start=\"1\">\n<li><strong>Seleccionar el color<\/strong>: Elegir entre negro, bronceado, marr\u00f3n o azul marino.<\/li>\n\n\n\n<li><strong>Escoger la opci\u00f3n de grabado<\/strong>: Decidir si deseas grabado solo en la parte frontal o en ambas caras (frontal y trasera).<\/li>\n\n\n\n<li><strong>Seleccionar el dise\u00f1o de monograma<\/strong>: Elegir entre los 8 estilos visuales de monograma e iniciales disponibles.<\/li>\n\n\n\n<li><strong>Introducir el texto o dedicaci\u00f3n<\/strong>: Indicar las iniciales, nombres o fechas para el exterior y la frase emotiva para el interior.<\/li>\n\n\n\n<li><strong>Elegir la talla adecuada<\/strong>: Seleccionar la medida de cintur\u00f3n (XS a XL) correspondiente a su talla habitual.<\/li>\n<\/ol>\n\n\n\n<figure class=\"wp-block-image size-large\"><a href=\"https:\/\/www.callie.es\/personalized-durable-leather-engraved-monogram-belt-fathers-day-anniversary-gift-for-him\" target=\"_blank\" rel=\"noreferrer noopener\"><img decoding=\"async\" src=\"https:\/\/d3ouql8tmwncoe.cloudfront.net\/uploads\/20250221\/631adcfb3875784d7432509b95bbd6b2.jpg?d=1000\" alt=\"Cintur\u00f3n de cuero personalizado duradero hecho a mano con monograma y nombre grabado regalo de D\u00eda del Padre San Valent\u00edn o aniversario para \u00e9l\"\/><\/a><\/figure>\n\n\n\n<h2 class=\"wp-block-heading\"><span class=\"ez-toc-section\" id=\"Consejos_de_cuidado_y_recomendacion_de_uso\"><\/span>Consejos de cuidado y recomendaci\u00f3n de uso<span class=\"ez-toc-section-end\"><\/span><\/h2>\n\n\n\n<p>Para mantener el cuero en excelentes condiciones durante a\u00f1os:<\/p>\n\n\n\n<ul>\n<li><strong>Limpieza suave<\/strong>: Limpiar la superficie con un pa\u00f1o suave y ligeramente h\u00famedo para retirar polvo o suciedad. Evitar el uso de detergentes o productos qu\u00edmicos agresivos.<\/li>\n\n\n\n<li><strong>Uso correcto de la hebilla<\/strong>: Ajustar gradualmente sin ejercer presi\u00f3n excesiva para evitar arrugas o desgaste prematuro en el cuero.<\/li>\n\n\n\n<li><strong>Colocaci\u00f3n recomendada<\/strong>: Al ponerse el cintur\u00f3n, se recomienda sujetar la punta con la mano derecha y la hebilla con la izquierda, introduci\u00e9ndolo de derecha a izquierda para que el texto grabado se lea en la orientaci\u00f3n correcta.<\/li>\n<\/ul>\n\n\n\n<h2 class=\"wp-block-heading\"><span class=\"ez-toc-section\" id=\"El_regalo_ideal_para_cualquier_ocasion_especial\"><\/span>El regalo ideal para cualquier ocasi\u00f3n especial<span class=\"ez-toc-section-end\"><\/span><\/h2>\n\n\n\n<p>Este cintur\u00f3n de cuero es un detalle inolvidable para el D\u00eda del Padre, San Valent\u00edn, aniversarios de boda, graduaciones o cumplea\u00f1os. Un accesorio pr\u00e1ctico que combina la utilidad diaria con una clara demostraci\u00f3n de afecto.<\/p>\n\n\n\n<h2 class=\"wp-block-heading\"><span class=\"ez-toc-section\" id=\"Preguntas_frecuentes\"><\/span>Preguntas frecuentes<span class=\"ez-toc-section-end\"><\/span><\/h2>\n\n\n\n<h3 class=\"wp-block-heading\"><span class=\"ez-toc-section\" id=\"%C2%BFDe_que_materiales_esta_fabricado_este_cinturon\"><\/span>\u00bfDe qu\u00e9 materiales est\u00e1 fabricado este cintur\u00f3n?<span class=\"ez-toc-section-end\"><\/span><\/h3>\n\n\n\n<p>Est\u00e1 elaborado en cuero de alta durabilidad con una hebilla met\u00e1lica de aleaci\u00f3n resistente.<\/p>\n\n\n\n<h3 class=\"wp-block-heading\"><span class=\"ez-toc-section\" id=\"%C2%BFSe_puede_grabar_texto_en_la_parte_interna_del_cinturon\"><\/span>\u00bfSe puede grabar texto en la parte interna del cintur\u00f3n?<span class=\"ez-toc-section-end\"><\/span><\/h3>\n\n\n\n<p>S\u00ed, la personalizaci\u00f3n permite grabar la parte frontal (iniciales\/monograma) y la parte posterior interior (dedicatoria o mensaje personal).<\/p>\n\n\n\n<h3 class=\"wp-block-heading\"><span class=\"ez-toc-section\" id=\"%C2%BFEn_que_colores_y_tallas_esta_disponible\"><\/span>\u00bfEn qu\u00e9 colores y tallas est\u00e1 disponible?<span class=\"ez-toc-section-end\"><\/span><\/h3>\n\n\n\n<p>Est\u00e1 disponible en 4 colores (negro, bronceado, marr\u00f3n y azul marino) y en 5 tallas: XS (105 cm), S (110 cm), M (115 cm), L (120 cm) y XL (125 cm).<\/p>\n\n\n\n<h3 class=\"wp-block-heading\"><span class=\"ez-toc-section\" id=\"%C2%BFComo_se_recomienda_limpiar_el_cuero_para_no_estropear_el_grabado\"><\/span>\u00bfC\u00f3mo se recomienda limpiar el cuero para no estropear el grabado?<span class=\"ez-toc-section-end\"><\/span><\/h3>\n\n\n\n<p>Se debe limpiar \u00fanicamente con un pa\u00f1o suave ligeramente h\u00famedo, evitando productos qu\u00edmicos o limpiadores agresivos.<\/p>\n\n\n\n<h3 class=\"wp-block-heading\"><span class=\"ez-toc-section\" id=\"%C2%BFEl_cinturon_incluye_caja_de_regalo\"><\/span>\u00bfEl cintur\u00f3n incluye caja de regalo?<span class=\"ez-toc-section-end\"><\/span><\/h3>\n\n\n\n<p>No, el producto no incluye caja de regalo por defecto, por lo que se env\u00eda en un embalaje de protecci\u00f3n adecuado.<\/p>\n\n\n\n<script type=\"application\/ld+json\">\n{\n  \"@context\": \"https:\/\/schema.org\",\n  \"@type\": \"FAQPage\",\n  \"mainEntity\": [\n    {\n      \"@type\": \"Question\",\n      \"name\": \"\u00bfDe qu\u00e9 materiales est\u00e1 fabricado este cintur\u00f3n?\",\n      \"acceptedAnswer\": {\n        \"@type\": \"Answer\",\n        \"text\": \"Est\u00e1 elaborado en cuero de alta durabilidad con una hebilla met\u00e1lica de aleaci\u00f3n resistente.\"\n      }\n    },\n    {\n      \"@type\": \"Question\",\n      \"name\": \"\u00bfSe puede grabar texto en la parte interna del cintur\u00f3n?\",\n      \"acceptedAnswer\": {\n        \"@type\": \"Answer\",\n        \"text\": \"S\u00ed, la personalizaci\u00f3n permite grabar la parte frontal (iniciales\/monograma) y la parte posterior interior (dedicatoria o mensaje personal).\"\n      }\n    },\n    {\n      \"@type\": \"Question\",\n      \"name\": \"\u00bfEn qu\u00e9 colores y tallas est\u00e1 disponible?\",\n      \"acceptedAnswer\": {\n        \"@type\": \"Answer\",\n        \"text\": \"Est\u00e1 disponible en 4 colores (negro, bronceado, marr\u00f3n y azul marino) y en 5 tallas: XS (105 cm), S (110 cm), M (115 cm), L (120 cm) y XL (125 cm).\"\n      }\n    },\n    {\n      \"@type\": \"Question\",\n      \"name\": \"\u00bfC\u00f3mo se recomienda limpiar el cuero para no estropear el grabado?\",\n      \"acceptedAnswer\": {\n        \"@type\": \"Answer\",\n        \"text\": \"Se debe limpiar \u00fanicamente con un pa\u00f1o suave ligeramente h\u00famedo, evitando productos qu\u00edmicos o limpiadores agresivos.\"\n      }\n    },\n    {\n      \"@type\": \"Question\",\n      \"name\": \"\u00bfEl cintur\u00f3n incluye caja de regalo?\",\n      \"acceptedAnswer\": {\n        \"@type\": \"Answer\",\n        \"text\": \"No, el producto no incluye caja de regalo por defecto, por lo que se env\u00eda en un embalaje de protecci\u00f3n adecuado.\"\n      }\n    }\n  ]\n}\n<\/script>\n","protected":false},"excerpt":{"rendered":"<p>Un buen cintur\u00f3n es un elemento imprescindible en el armario masculino. M\u00e1s all\u00e1 de su evidente funci\u00f3n pr\u00e1ctica, es un accesorio clave que aporta estructura, car\u00e1cter y distinci\u00f3n a cualquier atuendo, ya sea para un traje de vestir o para un atuendo casual de uso diario. Cuando un accesorio de uso cotidiano se elabora con [&hellip;]<\/p>\n","protected":false},"author":6,"featured_media":1171,"comment_status":"open","ping_status":"open","sticky":false,"template":"","format":"standard","meta":{"footnotes":""},"categories":[1],"tags":[750,718,749,617],"yoast_head":"<!-- This site is optimized with the Yoast SEO plugin v22.7 - https:\/\/yoast.com\/wordpress\/plugins\/seo\/ -->\n<title>Elegancia y personalidad en cada detalle: El cintur\u00f3n de cuero grabado para \u00e9l - Callie Blog<\/title>\n<meta name=\"description\" content=\"Cintur\u00f3n de cuero personalizado para hombre grabado con monograma y nombre. El regalo atemporal ideal para el D\u00eda del Padre, aniversarios y cumplea\u00f1os.\" \/>\n<meta name=\"robots\" content=\"index, follow, max-snippet:-1, max-image-preview:large, max-video-preview:-1\" \/>\n<link rel=\"canonical\" href=\"https:\/\/www.callie.es\/blog\/elegancia-y-personalidad-en-cada-detalle-el-cinturon-de-cuero-grabado-para-el\/\" \/>\n<meta property=\"og:locale\" content=\"en_US\" \/>\n<meta property=\"og:type\" content=\"article\" \/>\n<meta property=\"og:title\" content=\"Elegancia y personalidad en cada detalle: El cintur\u00f3n de cuero grabado para \u00e9l - Callie Blog\" \/>\n<meta property=\"og:description\" content=\"Cintur\u00f3n de cuero personalizado para hombre grabado con monograma y nombre. El regalo atemporal ideal para el D\u00eda del Padre, aniversarios y cumplea\u00f1os.\" \/>\n<meta property=\"og:url\" content=\"https:\/\/www.callie.es\/blog\/elegancia-y-personalidad-en-cada-detalle-el-cinturon-de-cuero-grabado-para-el\/\" \/>\n<meta property=\"og:site_name\" content=\"Callie Blog\" \/>\n<meta property=\"article:published_time\" content=\"2026-08-29T09:17:28+00:00\" \/>\n<meta property=\"article:modified_time\" content=\"2026-08-26T09:21:00+00:00\" \/>\n<meta property=\"og:image\" content=\"https:\/\/www.callie.es\/blog\/wp-content\/uploads\/2026\/08\/0d1ea27cc1c0c9a5c6f56d54672b4f37.jpg\" \/>\n\t<meta property=\"og:image:width\" content=\"1000\" \/>\n\t<meta property=\"og:image:height\" content=\"1000\" \/>\n\t<meta property=\"og:image:type\" content=\"image\/jpeg\" \/>\n<meta name=\"author\" content=\"Oli\" \/>\n<meta name=\"twitter:card\" content=\"summary_large_image\" \/>\n<meta name=\"twitter:label1\" content=\"Written by\" \/>\n\t<meta name=\"twitter:data1\" content=\"Oli\" \/>\n\t<meta name=\"twitter:label2\" content=\"Est. reading time\" \/>\n\t<meta name=\"twitter:data2\" content=\"5 minutes\" \/>\n<script type=\"application\/ld+json\" class=\"yoast-schema-graph\">{\"@context\":\"https:\/\/schema.org\",\"@graph\":[{\"@type\":\"WebPage\",\"@id\":\"https:\/\/www.callie.es\/blog\/elegancia-y-personalidad-en-cada-detalle-el-cinturon-de-cuero-grabado-para-el\/\",\"url\":\"https:\/\/www.callie.es\/blog\/elegancia-y-personalidad-en-cada-detalle-el-cinturon-de-cuero-grabado-para-el\/\",\"name\":\"Elegancia y personalidad en cada detalle: El cintur\u00f3n de cuero grabado para \u00e9l - Callie Blog\",\"isPartOf\":{\"@id\":\"https:\/\/www.callie.es\/blog\/#website\"},\"primaryImageOfPage\":{\"@id\":\"https:\/\/www.callie.es\/blog\/elegancia-y-personalidad-en-cada-detalle-el-cinturon-de-cuero-grabado-para-el\/#primaryimage\"},\"image\":{\"@id\":\"https:\/\/www.callie.es\/blog\/elegancia-y-personalidad-en-cada-detalle-el-cinturon-de-cuero-grabado-para-el\/#primaryimage\"},\"thumbnailUrl\":\"https:\/\/www.callie.es\/blog\/wp-content\/uploads\/2026\/08\/0d1ea27cc1c0c9a5c6f56d54672b4f37.jpg\",\"datePublished\":\"2026-08-29T09:17:28+00:00\",\"dateModified\":\"2026-08-26T09:21:00+00:00\",\"author\":{\"@id\":\"https:\/\/www.callie.es\/blog\/#\/schema\/person\/cfb146bb9662724724723b20ed0ed8bc\"},\"description\":\"Cintur\u00f3n de cuero personalizado para hombre grabado con monograma y nombre. El regalo atemporal ideal para el D\u00eda del Padre, aniversarios y cumplea\u00f1os.\",\"breadcrumb\":{\"@id\":\"https:\/\/www.callie.es\/blog\/elegancia-y-personalidad-en-cada-detalle-el-cinturon-de-cuero-grabado-para-el\/#breadcrumb\"},\"inLanguage\":\"en-US\",\"potentialAction\":[{\"@type\":\"ReadAction\",\"target\":[\"https:\/\/www.callie.es\/blog\/elegancia-y-personalidad-en-cada-detalle-el-cinturon-de-cuero-grabado-para-el\/\"]}]},{\"@type\":\"ImageObject\",\"inLanguage\":\"en-US\",\"@id\":\"https:\/\/www.callie.es\/blog\/elegancia-y-personalidad-en-cada-detalle-el-cinturon-de-cuero-grabado-para-el\/#primaryimage\",\"url\":\"https:\/\/www.callie.es\/blog\/wp-content\/uploads\/2026\/08\/0d1ea27cc1c0c9a5c6f56d54672b4f37.jpg\",\"contentUrl\":\"https:\/\/www.callie.es\/blog\/wp-content\/uploads\/2026\/08\/0d1ea27cc1c0c9a5c6f56d54672b4f37.jpg\",\"width\":1000,\"height\":1000},{\"@type\":\"BreadcrumbList\",\"@id\":\"https:\/\/www.callie.es\/blog\/elegancia-y-personalidad-en-cada-detalle-el-cinturon-de-cuero-grabado-para-el\/#breadcrumb\",\"itemListElement\":[{\"@type\":\"ListItem\",\"position\":1,\"name\":\"Home\",\"item\":\"https:\/\/www.callie.es\/blog\/\"},{\"@type\":\"ListItem\",\"position\":2,\"name\":\"Elegancia y personalidad en cada detalle: El cintur\u00f3n de cuero grabado para \u00e9l\"}]},{\"@type\":\"WebSite\",\"@id\":\"https:\/\/www.callie.es\/blog\/#website\",\"url\":\"https:\/\/www.callie.es\/blog\/\",\"name\":\"Callie Blog\",\"description\":\"Regalos, Relaciones, la vida\",\"potentialAction\":[{\"@type\":\"SearchAction\",\"target\":{\"@type\":\"EntryPoint\",\"urlTemplate\":\"https:\/\/www.callie.es\/blog\/?s={search_term_string}\"},\"query-input\":\"required name=search_term_string\"}],\"inLanguage\":\"en-US\"},{\"@type\":\"Person\",\"@id\":\"https:\/\/www.callie.es\/blog\/#\/schema\/person\/cfb146bb9662724724723b20ed0ed8bc\",\"name\":\"Oli\",\"image\":{\"@type\":\"ImageObject\",\"inLanguage\":\"en-US\",\"@id\":\"https:\/\/www.callie.es\/blog\/#\/schema\/person\/image\/\",\"url\":\"https:\/\/secure.gravatar.com\/avatar\/5e54508c5b1241315e526d14a2ac4b38?s=96&d=mm&r=g\",\"contentUrl\":\"https:\/\/secure.gravatar.com\/avatar\/5e54508c5b1241315e526d14a2ac4b38?s=96&d=mm&r=g\",\"caption\":\"Oli\"},\"url\":\"https:\/\/www.callie.es\/blog\/author\/oli\/\"}]}<\/script>\n<!-- \/ Yoast SEO plugin. -->","yoast_head_json":{"title":"Elegancia y personalidad en cada detalle: El cintur\u00f3n de cuero grabado para \u00e9l - Callie Blog","description":"Cintur\u00f3n de cuero personalizado para hombre grabado con monograma y nombre. El regalo atemporal ideal para el D\u00eda del Padre, aniversarios y cumplea\u00f1os.","robots":{"index":"index","follow":"follow","max-snippet":"max-snippet:-1","max-image-preview":"max-image-preview:large","max-video-preview":"max-video-preview:-1"},"canonical":"https:\/\/www.callie.es\/blog\/elegancia-y-personalidad-en-cada-detalle-el-cinturon-de-cuero-grabado-para-el\/","og_locale":"en_US","og_type":"article","og_title":"Elegancia y personalidad en cada detalle: El cintur\u00f3n de cuero grabado para \u00e9l - Callie Blog","og_description":"Cintur\u00f3n de cuero personalizado para hombre grabado con monograma y nombre. El regalo atemporal ideal para el D\u00eda del Padre, aniversarios y cumplea\u00f1os.","og_url":"https:\/\/www.callie.es\/blog\/elegancia-y-personalidad-en-cada-detalle-el-cinturon-de-cuero-grabado-para-el\/","og_site_name":"Callie Blog","article_published_time":"2026-08-29T09:17:28+00:00","article_modified_time":"2026-08-26T09:21:00+00:00","og_image":[{"width":1000,"height":1000,"url":"https:\/\/www.callie.es\/blog\/wp-content\/uploads\/2026\/08\/0d1ea27cc1c0c9a5c6f56d54672b4f37.jpg","type":"image\/jpeg"}],"author":"Oli","twitter_card":"summary_large_image","twitter_misc":{"Written by":"Oli","Est. reading time":"5 minutes"},"schema":{"@context":"https:\/\/schema.org","@graph":[{"@type":"WebPage","@id":"https:\/\/www.callie.es\/blog\/elegancia-y-personalidad-en-cada-detalle-el-cinturon-de-cuero-grabado-para-el\/","url":"https:\/\/www.callie.es\/blog\/elegancia-y-personalidad-en-cada-detalle-el-cinturon-de-cuero-grabado-para-el\/","name":"Elegancia y personalidad en cada detalle: El cintur\u00f3n de cuero grabado para \u00e9l - Callie Blog","isPartOf":{"@id":"https:\/\/www.callie.es\/blog\/#website"},"primaryImageOfPage":{"@id":"https:\/\/www.callie.es\/blog\/elegancia-y-personalidad-en-cada-detalle-el-cinturon-de-cuero-grabado-para-el\/#primaryimage"},"image":{"@id":"https:\/\/www.callie.es\/blog\/elegancia-y-personalidad-en-cada-detalle-el-cinturon-de-cuero-grabado-para-el\/#primaryimage"},"thumbnailUrl":"https:\/\/www.callie.es\/blog\/wp-content\/uploads\/2026\/08\/0d1ea27cc1c0c9a5c6f56d54672b4f37.jpg","datePublished":"2026-08-29T09:17:28+00:00","dateModified":"2026-08-26T09:21:00+00:00","author":{"@id":"https:\/\/www.callie.es\/blog\/#\/schema\/person\/cfb146bb9662724724723b20ed0ed8bc"},"description":"Cintur\u00f3n de cuero personalizado para hombre grabado con monograma y nombre. El regalo atemporal ideal para el D\u00eda del Padre, aniversarios y cumplea\u00f1os.","breadcrumb":{"@id":"https:\/\/www.callie.es\/blog\/elegancia-y-personalidad-en-cada-detalle-el-cinturon-de-cuero-grabado-para-el\/#breadcrumb"},"inLanguage":"en-US","potentialAction":[{"@type":"ReadAction","target":["https:\/\/www.callie.es\/blog\/elegancia-y-personalidad-en-cada-detalle-el-cinturon-de-cuero-grabado-para-el\/"]}]},{"@type":"ImageObject","inLanguage":"en-US","@id":"https:\/\/www.callie.es\/blog\/elegancia-y-personalidad-en-cada-detalle-el-cinturon-de-cuero-grabado-para-el\/#primaryimage","url":"https:\/\/www.callie.es\/blog\/wp-content\/uploads\/2026\/08\/0d1ea27cc1c0c9a5c6f56d54672b4f37.jpg","contentUrl":"https:\/\/www.callie.es\/blog\/wp-content\/uploads\/2026\/08\/0d1ea27cc1c0c9a5c6f56d54672b4f37.jpg","width":1000,"height":1000},{"@type":"BreadcrumbList","@id":"https:\/\/www.callie.es\/blog\/elegancia-y-personalidad-en-cada-detalle-el-cinturon-de-cuero-grabado-para-el\/#breadcrumb","itemListElement":[{"@type":"ListItem","position":1,"name":"Home","item":"https:\/\/www.callie.es\/blog\/"},{"@type":"ListItem","position":2,"name":"Elegancia y personalidad en cada detalle: El cintur\u00f3n de cuero grabado para \u00e9l"}]},{"@type":"WebSite","@id":"https:\/\/www.callie.es\/blog\/#website","url":"https:\/\/www.callie.es\/blog\/","name":"Callie Blog","description":"Regalos, Relaciones, la vida","potentialAction":[{"@type":"SearchAction","target":{"@type":"EntryPoint","urlTemplate":"https:\/\/www.callie.es\/blog\/?s={search_term_string}"},"query-input":"required name=search_term_string"}],"inLanguage":"en-US"},{"@type":"Person","@id":"https:\/\/www.callie.es\/blog\/#\/schema\/person\/cfb146bb9662724724723b20ed0ed8bc","name":"Oli","image":{"@type":"ImageObject","inLanguage":"en-US","@id":"https:\/\/www.callie.es\/blog\/#\/schema\/person\/image\/","url":"https:\/\/secure.gravatar.com\/avatar\/5e54508c5b1241315e526d14a2ac4b38?s=96&d=mm&r=g","contentUrl":"https:\/\/secure.gravatar.com\/avatar\/5e54508c5b1241315e526d14a2ac4b38?s=96&d=mm&r=g","caption":"Oli"},"url":"https:\/\/www.callie.es\/blog\/author\/oli\/"}]}},"_links":{"self":[{"href":"https:\/\/www.callie.es\/blog\/wp-json\/wp\/v2\/posts\/1170"}],"collection":[{"href":"https:\/\/www.callie.es\/blog\/wp-json\/wp\/v2\/posts"}],"about":[{"href":"https:\/\/www.callie.es\/blog\/wp-json\/wp\/v2\/types\/post"}],"author":[{"embeddable":true,"href":"https:\/\/www.callie.es\/blog\/wp-json\/wp\/v2\/users\/6"}],"replies":[{"embeddable":true,"href":"https:\/\/www.callie.es\/blog\/wp-json\/wp\/v2\/comments?post=1170"}],"version-history":[{"count":1,"href":"https:\/\/www.callie.es\/blog\/wp-json\/wp\/v2\/posts\/1170\/revisions"}],"predecessor-version":[{"id":1172,"href":"https:\/\/www.callie.es\/blog\/wp-json\/wp\/v2\/posts\/1170\/revisions\/1172"}],"wp:featuredmedia":[{"embeddable":true,"href":"https:\/\/www.callie.es\/blog\/wp-json\/wp\/v2\/media\/1171"}],"wp:attachment":[{"href":"https:\/\/www.callie.es\/blog\/wp-json\/wp\/v2\/media?parent=1170"}],"wp:term":[{"taxonomy":"category","embeddable":true,"href":"https:\/\/www.callie.es\/blog\/wp-json\/wp\/v2\/categories?post=1170"},{"taxonomy":"post_tag","embeddable":true,"href":"https:\/\/www.callie.es\/blog\/wp-json\/wp\/v2\/tags?post=1170"}],"curies":[{"name":"wp","href":"https:\/\/api.w.org\/{rel}","templated":true}]}}