{"id":1167,"date":"2026-08-28T09:13:10","date_gmt":"2026-08-28T09:13:10","guid":{"rendered":"https:\/\/www.callie.es\/blog\/?p=1167"},"modified":"2026-08-26T09:17:19","modified_gmt":"2026-08-26T09:17:19","slug":"ilumina-tus-fiestas-con-calidez-el-adorno-navideno-de-madera-led-con-muneco-de-nieve-y-nombre","status":"publish","type":"post","link":"https:\/\/www.callie.es\/blog\/ilumina-tus-fiestas-con-calidez-el-adorno-navideno-de-madera-led-con-muneco-de-nieve-y-nombre\/","title":{"rendered":"Ilumina tus fiestas con calidez: El adorno navide\u00f1o de madera LED con mu\u00f1eco de nieve y nombre"},"content":{"rendered":"\n<p>Cuando llega la \u00e9poca invernal y se acercan las fiestas navide\u00f1as, pocos momentos superan la ilusi\u00f3n de decorar el hogar en familia. Llenar el \u00e1rbol de luces, colgar los calcetines en la chimenea y preparar cada rinc\u00f3n para la llegada de las celebraciones crea recuerdos m\u00e1gicos que perduran para siempre.<\/p>\n\n\n\n<p>Los adornos de madera con luz propia aportan un encanto r\u00fastico y acogedor incomparable. Al combinar la calidez de la madera natural con una suave iluminaci\u00f3n LED interior y la posibilidad de personalizar cada pieza con el nombre y la expresi\u00f3n de cada miembro de la familia, la decoraci\u00f3n del hogar se vuelve entra\u00f1able y totalmente \u00fanica.<\/p>\n\n\n\n<p>Si buscas una pieza especial que aporte luz y personalidad a tus fiestas, te presentamos el <a target=\"_blank\" rel=\"noreferrer noopener\" href=\"https:\/\/www.callie.es\/personalized-cute-snowman-led-light-wooden-ornament-with-name-christmas-tree-stocking-decor-winter-holiday-party-favors-gift-for-family-kids\">adorno navide\u00f1o de madera LED con mu\u00f1eco de nieve personalizado y nombre<\/a>. Un accesorio encantador que fascinar\u00e1 tanto a ni\u00f1os como a adultos. Descubre m\u00e1s opciones decorativas explorando la colecci\u00f3n completa de <a target=\"_blank\" rel=\"noreferrer noopener\" href=\"https:\/\/www.callie.es\/\">regalos personalizados<\/a>.<\/p>\n\n\n\n<div id=\"ez-toc-container\" class=\"ez-toc-v2_0_71 counter-hierarchy ez-toc-counter ez-toc-grey ez-toc-container-direction\">\n<div class=\"ez-toc-title-container\">\n<p class=\"ez-toc-title\" style=\"cursor:inherit\">Table of Contents<\/p>\n<span class=\"ez-toc-title-toggle\"><a href=\"#\" class=\"ez-toc-pull-right ez-toc-btn ez-toc-btn-xs ez-toc-btn-default ez-toc-toggle\" aria-label=\"Toggle Table of Content\"><span class=\"ez-toc-js-icon-con\"><span class=\"\"><span class=\"eztoc-hide\" style=\"display:none;\">Toggle<\/span><span class=\"ez-toc-icon-toggle-span\"><svg style=\"fill: #999;color:#999\" xmlns=\"http:\/\/www.w3.org\/2000\/svg\" class=\"list-377408\" width=\"20px\" height=\"20px\" viewBox=\"0 0 24 24\" fill=\"none\"><path d=\"M6 6H4v2h2V6zm14 0H8v2h12V6zM4 11h2v2H4v-2zm16 0H8v2h12v-2zM4 16h2v2H4v-2zm16 0H8v2h12v-2z\" fill=\"currentColor\"><\/path><\/svg><svg style=\"fill: #999;color:#999\" class=\"arrow-unsorted-368013\" xmlns=\"http:\/\/www.w3.org\/2000\/svg\" width=\"10px\" height=\"10px\" viewBox=\"0 0 24 24\" version=\"1.2\" baseProfile=\"tiny\"><path d=\"M18.2 9.3l-6.2-6.3-6.2 6.3c-.2.2-.3.4-.3.7s.1.5.3.7c.2.2.4.3.7.3h11c.3 0 .5-.1.7-.3.2-.2.3-.5.3-.7s-.1-.5-.3-.7zM5.8 14.7l6.2 6.3 6.2-6.3c.2-.2.3-.5.3-.7s-.1-.5-.3-.7c-.2-.2-.4-.3-.7-.3h-11c-.3 0-.5.1-.7.3-.2.2-.3.5-.3.7s.1.5.3.7z\"\/><\/svg><\/span><\/span><\/span><\/a><\/span><\/div>\n<nav><ul class='ez-toc-list ez-toc-list-level-1 ' ><li class='ez-toc-page-1 ez-toc-heading-level-2'><a class=\"ez-toc-link ez-toc-heading-1\" href=\"https:\/\/www.callie.es\/blog\/ilumina-tus-fiestas-con-calidez-el-adorno-navideno-de-madera-led-con-muneco-de-nieve-y-nombre\/#%C2%BFQue_hace_especial_a_este_adorno_navideno_con_luz_LED\" title=\"\u00bfQu\u00e9 hace especial a este adorno navide\u00f1o con luz LED?\">\u00bfQu\u00e9 hace especial a este adorno navide\u00f1o con luz LED?<\/a><\/li><li class='ez-toc-page-1 ez-toc-heading-level-2'><a class=\"ez-toc-link ez-toc-heading-2\" href=\"https:\/\/www.callie.es\/blog\/ilumina-tus-fiestas-con-calidez-el-adorno-navideno-de-madera-led-con-muneco-de-nieve-y-nombre\/#Materiales_duraderos_y_caracteristicas_clave\" title=\"Materiales duraderos y caracter\u00edsticas clave\">Materiales duraderos y caracter\u00edsticas clave<\/a><\/li><li class='ez-toc-page-1 ez-toc-heading-level-2'><a class=\"ez-toc-link ez-toc-heading-3\" href=\"https:\/\/www.callie.es\/blog\/ilumina-tus-fiestas-con-calidez-el-adorno-navideno-de-madera-led-con-muneco-de-nieve-y-nombre\/#Especificaciones_tecnicas_del_producto\" title=\"Especificaciones t\u00e9cnicas del producto\">Especificaciones t\u00e9cnicas del producto<\/a><\/li><li class='ez-toc-page-1 ez-toc-heading-level-2'><a class=\"ez-toc-link ez-toc-heading-4\" href=\"https:\/\/www.callie.es\/blog\/ilumina-tus-fiestas-con-calidez-el-adorno-navideno-de-madera-led-con-muneco-de-nieve-y-nombre\/#Pasos_para_personalizar_tu_muneco_de_nieve_luminoso\" title=\"Pasos para personalizar tu mu\u00f1eco de nieve luminoso\">Pasos para personalizar tu mu\u00f1eco de nieve luminoso<\/a><\/li><li class='ez-toc-page-1 ez-toc-heading-level-2'><a class=\"ez-toc-link ez-toc-heading-5\" href=\"https:\/\/www.callie.es\/blog\/ilumina-tus-fiestas-con-calidez-el-adorno-navideno-de-madera-led-con-muneco-de-nieve-y-nombre\/#Consejos_para_la_limpieza_y_conservacion\" title=\"Consejos para la limpieza y conservaci\u00f3n\">Consejos para la limpieza y conservaci\u00f3n<\/a><\/li><li class='ez-toc-page-1 ez-toc-heading-level-2'><a class=\"ez-toc-link ez-toc-heading-6\" href=\"https:\/\/www.callie.es\/blog\/ilumina-tus-fiestas-con-calidez-el-adorno-navideno-de-madera-led-con-muneco-de-nieve-y-nombre\/#El_detalle_ideal_para_familias_y_fiestas_invernales\" title=\"El detalle ideal para familias y fiestas invernales\">El detalle ideal para familias y fiestas invernales<\/a><\/li><li class='ez-toc-page-1 ez-toc-heading-level-2'><a class=\"ez-toc-link ez-toc-heading-7\" href=\"https:\/\/www.callie.es\/blog\/ilumina-tus-fiestas-con-calidez-el-adorno-navideno-de-madera-led-con-muneco-de-nieve-y-nombre\/#Preguntas_frecuentes\" title=\"Preguntas frecuentes\">Preguntas frecuentes<\/a><ul class='ez-toc-list-level-3' ><li class='ez-toc-heading-level-3'><a class=\"ez-toc-link ez-toc-heading-8\" href=\"https:\/\/www.callie.es\/blog\/ilumina-tus-fiestas-con-calidez-el-adorno-navideno-de-madera-led-con-muneco-de-nieve-y-nombre\/#%C2%BFDe_que_material_esta_fabricado_el_adorno_del_muneco_de_nieve\" title=\"\u00bfDe qu\u00e9 material est\u00e1 fabricado el adorno del mu\u00f1eco de nieve?\">\u00bfDe qu\u00e9 material est\u00e1 fabricado el adorno del mu\u00f1eco de nieve?<\/a><\/li><li class='ez-toc-page-1 ez-toc-heading-level-3'><a class=\"ez-toc-link ez-toc-heading-9\" href=\"https:\/\/www.callie.es\/blog\/ilumina-tus-fiestas-con-calidez-el-adorno-navideno-de-madera-led-con-muneco-de-nieve-y-nombre\/#%C2%BFQue_tipo_de_pilas_utiliza_la_luz_LED_y_se_pueden_cambiar\" title=\"\u00bfQu\u00e9 tipo de pilas utiliza la luz LED y se pueden cambiar?\">\u00bfQu\u00e9 tipo de pilas utiliza la luz LED y se pueden cambiar?<\/a><\/li><li class='ez-toc-page-1 ez-toc-heading-level-3'><a class=\"ez-toc-link ez-toc-heading-10\" href=\"https:\/\/www.callie.es\/blog\/ilumina-tus-fiestas-con-calidez-el-adorno-navideno-de-madera-led-con-muneco-de-nieve-y-nombre\/#%C2%BFQue_tamano_tiene_el_adorno\" title=\"\u00bfQu\u00e9 tama\u00f1o tiene el adorno?\">\u00bfQu\u00e9 tama\u00f1o tiene el adorno?<\/a><\/li><li class='ez-toc-page-1 ez-toc-heading-level-3'><a class=\"ez-toc-link ez-toc-heading-11\" href=\"https:\/\/www.callie.es\/blog\/ilumina-tus-fiestas-con-calidez-el-adorno-navideno-de-madera-led-con-muneco-de-nieve-y-nombre\/#%C2%BFQue_expresiones_faciales_se_pueden_elegir\" title=\"\u00bfQu\u00e9 expresiones faciales se pueden elegir?\">\u00bfQu\u00e9 expresiones faciales se pueden elegir?<\/a><\/li><li class='ez-toc-page-1 ez-toc-heading-level-3'><a class=\"ez-toc-link ez-toc-heading-12\" href=\"https:\/\/www.callie.es\/blog\/ilumina-tus-fiestas-con-calidez-el-adorno-navideno-de-madera-led-con-muneco-de-nieve-y-nombre\/#%C2%BFDonde_se_puede_colocar_esta_decoracion\" title=\"\u00bfD\u00f3nde se puede colocar esta decoraci\u00f3n?\">\u00bfD\u00f3nde se puede colocar esta decoraci\u00f3n?<\/a><\/li><\/ul><\/li><\/ul><\/nav><\/div>\n<h2 class=\"wp-block-heading\"><span class=\"ez-toc-section\" id=\"%C2%BFQue_hace_especial_a_este_adorno_navideno_con_luz_LED\"><\/span>\u00bfQu\u00e9 hace especial a este adorno navide\u00f1o con luz LED?<span class=\"ez-toc-section-end\"><\/span><\/h2>\n\n\n\n<p>El <strong>adorno navide\u00f1o de madera LED con mu\u00f1eco de nieve<\/strong> es una figura decorativa colgante fabricada en madera de caucho de alta calidad. Cada pieza representa un simp\u00e1tico mu\u00f1eco de nieve ataviado con un cl\u00e1sico sombrero negro y una bufanda roja.<\/p>\n\n\n\n<p>Su gran atractivo reside en su <strong>barriga iluminada con tecnolog\u00eda LED<\/strong>. Al accionar el interruptor, la luz c\u00e1lida atraviesa el centro del mu\u00f1eco, donde destaca el nombre grabado sobre un fondo salpicado de copos de nieve luminosos. Adem\u00e1s, se puede seleccionar la expresi\u00f3n facial de cada personaje, convirti\u00e9ndolo en un reflejo divertido de la personalidad de cada integrante de la familia.<\/p>\n\n\n\n<figure class=\"wp-block-image size-large\"><a href=\"https:\/\/www.callie.es\/personalized-cute-snowman-led-light-wooden-ornament-with-name-christmas-tree-stocking-decor-winter-holiday-party-favors-gift-for-family-kids\" target=\"_blank\" rel=\"noreferrer noopener\"><img decoding=\"async\" src=\"https:\/\/d3ouql8tmwncoe.cloudfront.net\/uploads\/20241209\/fd4362ff51bc467fcf3bbb657594407a.jpg?d=1000\" alt=\"Adorno navide\u00f1o de madera LED con mu\u00f1eco de nieve personalizado y nombre para \u00e1rbol de Navidad adorno regalo de invierno para familia y ni\u00f1os\"\/><\/a><\/figure>\n\n\n\n<h2 class=\"wp-block-heading\"><span class=\"ez-toc-section\" id=\"Materiales_duraderos_y_caracteristicas_clave\"><\/span>Materiales duraderos y caracter\u00edsticas clave<span class=\"ez-toc-section-end\"><\/span><\/h2>\n\n\n\n<p>Dise\u00f1ado para formar parte de las tradiciones familiares durante muchos a\u00f1os, este adorno combina resistencia, tecnolog\u00eda limpia y acabados cuidados:<\/p>\n\n\n\n<ul>\n<li><strong>Madera de caucho natural<\/strong>: Robusta, duradera y con un acabado de textura suave que a\u00f1ade un toque natural a la decoraci\u00f3n invernal.<\/li>\n\n\n\n<li><strong>Iluminaci\u00f3n LED c\u00e1lida e integrada<\/strong>: Las luces LED est\u00e1n estrat\u00e9gicamente situadas en la barriga del mu\u00f1eco para emitir un resplandor acogedor y m\u00e1gico.<\/li>\n\n\n\n<li><strong>Bater\u00eda sustituible<\/strong>: Funciona con una pila bot\u00f3n est\u00e1ndar LR44\/A76, f\u00e1cil de reemplazar para usar el adorno temporada tras temporada.<\/li>\n\n\n\n<li><strong>Uso vers\u00e1til en el hogar<\/strong>: Perfecto para colgar en las ramas del \u00e1rbol de Navidad, sujetar en los calcetines de la chimenea, usar como etiqueta de regalo exclusiva o decorar centros de mesa.<\/li>\n<\/ul>\n\n\n\n<figure class=\"wp-block-image size-large\"><a href=\"https:\/\/www.callie.es\/personalized-cute-snowman-led-light-wooden-ornament-with-name-christmas-tree-stocking-decor-winter-holiday-party-favors-gift-for-family-kids\" target=\"_blank\" rel=\"noreferrer noopener\"><img decoding=\"async\" src=\"https:\/\/d3ouql8tmwncoe.cloudfront.net\/uploads\/20241209\/a28c3e4adad5af2064c88e4601daeaba.jpg?d=1000\" alt=\"Adorno navide\u00f1o de madera LED con mu\u00f1eco de nieve personalizado y nombre para \u00e1rbol de Navidad adorno regalo de invierno para familia y ni\u00f1os\"\/><\/a><\/figure>\n\n\n\n<h2 class=\"wp-block-heading\"><span class=\"ez-toc-section\" id=\"Especificaciones_tecnicas_del_producto\"><\/span>Especificaciones t\u00e9cnicas del producto<span class=\"ez-toc-section-end\"><\/span><\/h2>\n\n\n\n<p>A continuaci\u00f3n, se resumen las dimensiones y detalles de fabricaci\u00f3n del adorno:<\/p>\n\n\n\n<figure class=\"wp-block-table\"><table><thead><tr><td><strong>Caracter\u00edstica<\/strong><\/td><td><strong>Detalle<\/strong><\/td><\/tr><\/thead><tbody><tr><td><strong>Material<\/strong><\/td><td>Madera de caucho duradera<\/td><\/tr><tr><td><strong>Medidas<\/strong><\/td><td>8,55 cm de alto x 5,24 cm de ancho x 2 cm de grosor<\/td><\/tr><tr><td><strong>Tipo de iluminaci\u00f3n<\/strong><\/td><td>Luz LED c\u00e1lida en la zona central<\/td><\/tr><tr><td><strong>Tipo de bater\u00eda<\/strong><\/td><td>Pila LR44\/A76 (reemplazable)<\/td><\/tr><tr><td><strong>Personalizaci\u00f3n<\/strong><\/td><td>Impresi\u00f3n frontal de nombre y elecci\u00f3n de expresi\u00f3n facial<\/td><\/tr><tr><td><strong>Opciones de expresi\u00f3n<\/strong><\/td><td>Cara de risita, cara sonriente, cara de amor, cara traviesa, cara de risa, cara gui\u00f1ando un ojo<\/td><\/tr><\/tbody><\/table><\/figure>\n\n\n\n<figure class=\"wp-block-image size-large\"><a href=\"https:\/\/www.callie.es\/personalized-cute-snowman-led-light-wooden-ornament-with-name-christmas-tree-stocking-decor-winter-holiday-party-favors-gift-for-family-kids\" target=\"_blank\" rel=\"noreferrer noopener\"><img decoding=\"async\" src=\"https:\/\/d3ouql8tmwncoe.cloudfront.net\/uploads\/20241209\/31dcba341db43f7e6f9edc66ea768a15.jpg?d=1000\" alt=\"Adorno navide\u00f1o de madera LED con mu\u00f1eco de nieve personalizado y nombre para \u00e1rbol de Navidad adorno regalo de invierno para familia y ni\u00f1os\"\/><\/a><\/figure>\n\n\n\n<h2 class=\"wp-block-heading\"><span class=\"ez-toc-section\" id=\"Pasos_para_personalizar_tu_muneco_de_nieve_luminoso\"><\/span>Pasos para personalizar tu mu\u00f1eco de nieve luminoso<span class=\"ez-toc-section-end\"><\/span><\/h2>\n\n\n\n<p>Crear un conjunto de mu\u00f1ecos personalizados para la familia o los amigos es un proceso sencillo y muy intuitivo:<\/p>\n\n\n\n<ol start=\"1\">\n<li><strong>Seleccionar el n\u00famero de mu\u00f1ecos<\/strong>: Indicar la cantidad de adornos individuales que deseas crear.<\/li>\n\n\n\n<li><strong>Elegir la expresi\u00f3n facial<\/strong>: Escoger la carita del mu\u00f1eco de nieve que mejor represente al destinatario (gui\u00f1o, sonrisa, risita, travieso, etc.).<\/li>\n\n\n\n<li><strong>Escribir el nombre<\/strong>: Introducir el nombre o mensaje que se imprimir\u00e1 de forma destacada en la zona iluminada.<\/li>\n<\/ol>\n\n\n\n<h2 class=\"wp-block-heading\"><span class=\"ez-toc-section\" id=\"Consejos_para_la_limpieza_y_conservacion\"><\/span>Consejos para la limpieza y conservaci\u00f3n<span class=\"ez-toc-section-end\"><\/span><\/h2>\n\n\n\n<p>Para mantener la madera y los componentes el\u00e9ctricos en perfectas condiciones a\u00f1o tras a\u00f1o:<\/p>\n\n\n\n<ul>\n<li><strong>Limpieza regular de polvo<\/strong>: Utilizar un pa\u00f1o suave y seco o un plumero para eliminar el polvo de la superficie.<\/li>\n\n\n\n<li><strong>Limpieza de manchas<\/strong>: En caso de peque\u00f1as manchas, pasar suavemente un pa\u00f1o ligeramente humedecido con jab\u00f3n neutro y secar de inmediato.<\/li>\n\n\n\n<li><strong>Almacenamiento adecuado<\/strong>: Guardar en un lugar fresco y seco, evitando zonas h\u00famedas como trasteros o s\u00f3tanos para no da\u00f1ar la madera ni el circuito LED.<\/li>\n<\/ul>\n\n\n\n<figure class=\"wp-block-image size-large\"><a href=\"https:\/\/www.callie.es\/personalized-cute-snowman-led-light-wooden-ornament-with-name-christmas-tree-stocking-decor-winter-holiday-party-favors-gift-for-family-kids\" target=\"_blank\" rel=\"noreferrer noopener\"><img decoding=\"async\" src=\"https:\/\/d3ouql8tmwncoe.cloudfront.net\/uploads\/20241105\/036ed584bd0286b9d8d2e7dc438a3cb4.jpg?d=1000\" alt=\"Adorno navide\u00f1o de madera LED con mu\u00f1eco de nieve personalizado y nombre para \u00e1rbol de Navidad adorno regalo de invierno para familia y ni\u00f1os\"\/><\/a><\/figure>\n\n\n\n<h2 class=\"wp-block-heading\"><span class=\"ez-toc-section\" id=\"El_detalle_ideal_para_familias_y_fiestas_invernales\"><\/span>El detalle ideal para familias y fiestas invernales<span class=\"ez-toc-section-end\"><\/span><\/h2>\n\n\n\n<p>Este adorno luminoso es una idea maravillosa para regalar en Navidad, como detalle en fiestas navide\u00f1as, como recuerdo para la primera Navidad de un beb\u00e9 o para identificar los calcetines navide\u00f1os de cada miembro de la familia. Un recuerdo personalizado que iluminar\u00e1 el hogar con alegr\u00eda en cada temporada festiva.<\/p>\n\n\n\n<h2 class=\"wp-block-heading\"><span class=\"ez-toc-section\" id=\"Preguntas_frecuentes\"><\/span>Preguntas frecuentes<span class=\"ez-toc-section-end\"><\/span><\/h2>\n\n\n\n<h3 class=\"wp-block-heading\"><span class=\"ez-toc-section\" id=\"%C2%BFDe_que_material_esta_fabricado_el_adorno_del_muneco_de_nieve\"><\/span>\u00bfDe qu\u00e9 material est\u00e1 fabricado el adorno del mu\u00f1eco de nieve?<span class=\"ez-toc-section-end\"><\/span><\/h3>\n\n\n\n<p>Est\u00e1 fabricado en madera de caucho de alta calidad, duradera y con un acabado r\u00fastico elegante.<\/p>\n\n\n\n<h3 class=\"wp-block-heading\"><span class=\"ez-toc-section\" id=\"%C2%BFQue_tipo_de_pilas_utiliza_la_luz_LED_y_se_pueden_cambiar\"><\/span>\u00bfQu\u00e9 tipo de pilas utiliza la luz LED y se pueden cambiar?<span class=\"ez-toc-section-end\"><\/span><\/h3>\n\n\n\n<p>Utiliza una pila tipo LR44\/A76, la cual se puede reemplazar f\u00e1cilmente cuando se agote para seguir usando el adorno en futuras Navidades.<\/p>\n\n\n\n<h3 class=\"wp-block-heading\"><span class=\"ez-toc-section\" id=\"%C2%BFQue_tamano_tiene_el_adorno\"><\/span>\u00bfQu\u00e9 tama\u00f1o tiene el adorno?<span class=\"ez-toc-section-end\"><\/span><\/h3>\n\n\n\n<p>Mide 8,55 cm de altura, 5,24 cm de ancho y 2 cm de grosor.<\/p>\n\n\n\n<h3 class=\"wp-block-heading\"><span class=\"ez-toc-section\" id=\"%C2%BFQue_expresiones_faciales_se_pueden_elegir\"><\/span>\u00bfQu\u00e9 expresiones faciales se pueden elegir?<span class=\"ez-toc-section-end\"><\/span><\/h3>\n\n\n\n<p>Puedes elegir entre 6 expresiones diferentes: cara de risita, cara sonriente, cara de amor, cara traviesa, cara de risa y cara gui\u00f1ando un ojo.<\/p>\n\n\n\n<h3 class=\"wp-block-heading\"><span class=\"ez-toc-section\" id=\"%C2%BFDonde_se_puede_colocar_esta_decoracion\"><\/span>\u00bfD\u00f3nde se puede colocar esta decoraci\u00f3n?<span class=\"ez-toc-section-end\"><\/span><\/h3>\n\n\n\n<p>Es ideal para colgar en el \u00e1rbol de Navidad, decorar los calcetines de la chimenea, usar en centros de mesa o adjuntar como etiqueta especial en envoltorios de regalos.<\/p>\n\n\n\n<script type=\"application\/ld+json\">\n{\n  \"@context\": \"https:\/\/schema.org\",\n  \"@type\": \"FAQPage\",\n  \"mainEntity\": [\n    {\n      \"@type\": \"Question\",\n      \"name\": \"\u00bfDe qu\u00e9 material est\u00e1 fabricado el adorno del mu\u00f1eco de nieve?\",\n      \"acceptedAnswer\": {\n        \"@type\": \"Answer\",\n        \"text\": \"Est\u00e1 fabricado en madera de caucho de alta calidad, duradera y con un acabado r\u00fastico elegante.\"\n      }\n    },\n    {\n      \"@type\": \"Question\",\n      \"name\": \"\u00bfQu\u00e9 tipo de pilas utiliza la luz LED y se pueden cambiar?\",\n      \"acceptedAnswer\": {\n        \"@type\": \"Answer\",\n        \"text\": \"Utiliza una pila tipo LR44\/A76, la cual se puede reemplazar f\u00e1cilmente cuando se agote para seguir usando el adorno en futuras Navidades.\"\n      }\n    },\n    {\n      \"@type\": \"Question\",\n      \"name\": \"\u00bfQu\u00e9 tama\u00f1o tiene el adorno?\",\n      \"acceptedAnswer\": {\n        \"@type\": \"Answer\",\n        \"text\": \"Mide 8,55 cm de altura, 5,24 cm de ancho y 2 cm de grosor.\"\n      }\n    },\n    {\n      \"@type\": \"Question\",\n      \"name\": \"\u00bfQu\u00e9 expresiones faciales se pueden elegir?\",\n      \"acceptedAnswer\": {\n        \"@type\": \"Answer\",\n        \"text\": \"Puedes elegir entre 6 expresiones diferentes: cara de risita, cara sonriente, cara de amor, cara traviesa, cara de risa y cara gui\u00f1ando un ojo.\"\n      }\n    },\n    {\n      \"@type\": \"Question\",\n      \"name\": \"\u00bfD\u00f3nde se puede colocar esta decoraci\u00f3n?\",\n      \"acceptedAnswer\": {\n        \"@type\": \"Answer\",\n        \"text\": \"Es ideal para colgar en el \u00e1rbol de Navidad, decorar los calcetines de la chimenea, usar en centros de mesa o adjuntar como etiqueta especial en envoltorios de regalos.\"\n      }\n    }\n  ]\n}\n<\/script>\n","protected":false},"excerpt":{"rendered":"<p>Cuando llega la \u00e9poca invernal y se acercan las fiestas navide\u00f1as, pocos momentos superan la ilusi\u00f3n de decorar el hogar en familia. Llenar el \u00e1rbol de luces, colgar los calcetines en la chimenea y preparar cada rinc\u00f3n para la llegada de las celebraciones crea recuerdos m\u00e1gicos que perduran para siempre. Los adornos de madera con [&hellip;]<\/p>\n","protected":false},"author":6,"featured_media":1168,"comment_status":"open","ping_status":"open","sticky":false,"template":"","format":"standard","meta":{"footnotes":""},"categories":[1],"tags":[747,746,745,748],"yoast_head":"<!-- This site is optimized with the Yoast SEO plugin v22.7 - https:\/\/yoast.com\/wordpress\/plugins\/seo\/ -->\n<title>Ilumina tus fiestas con calidez: El adorno navide\u00f1o de madera LED con mu\u00f1eco de nieve y nombre - Callie Blog<\/title>\n<meta name=\"description\" content=\"Adorno navide\u00f1o de madera LED con mu\u00f1eco de nieve personalizado con nombre y expresi\u00f3n. Perfecto para el \u00e1rbol de Navidad, calcetines y decoraci\u00f3n invernal.\" \/>\n<meta name=\"robots\" content=\"index, follow, max-snippet:-1, max-image-preview:large, max-video-preview:-1\" \/>\n<link rel=\"canonical\" href=\"https:\/\/www.callie.es\/blog\/ilumina-tus-fiestas-con-calidez-el-adorno-navideno-de-madera-led-con-muneco-de-nieve-y-nombre\/\" \/>\n<meta property=\"og:locale\" content=\"en_US\" \/>\n<meta property=\"og:type\" content=\"article\" \/>\n<meta property=\"og:title\" content=\"Ilumina tus fiestas con calidez: El adorno navide\u00f1o de madera LED con mu\u00f1eco de nieve y nombre - Callie Blog\" \/>\n<meta property=\"og:description\" content=\"Adorno navide\u00f1o de madera LED con mu\u00f1eco de nieve personalizado con nombre y expresi\u00f3n. Perfecto para el \u00e1rbol de Navidad, calcetines y decoraci\u00f3n invernal.\" \/>\n<meta property=\"og:url\" content=\"https:\/\/www.callie.es\/blog\/ilumina-tus-fiestas-con-calidez-el-adorno-navideno-de-madera-led-con-muneco-de-nieve-y-nombre\/\" \/>\n<meta property=\"og:site_name\" content=\"Callie Blog\" \/>\n<meta property=\"article:published_time\" content=\"2026-08-28T09:13:10+00:00\" \/>\n<meta property=\"article:modified_time\" content=\"2026-08-26T09:17:19+00:00\" \/>\n<meta property=\"og:image\" content=\"https:\/\/www.callie.es\/blog\/wp-content\/uploads\/2026\/08\/da54387b72d057dd6b29c005b94e80d6.jpg\" \/>\n\t<meta property=\"og:image:width\" content=\"1000\" \/>\n\t<meta property=\"og:image:height\" content=\"1000\" \/>\n\t<meta property=\"og:image:type\" content=\"image\/jpeg\" \/>\n<meta name=\"author\" content=\"Oli\" \/>\n<meta name=\"twitter:card\" content=\"summary_large_image\" \/>\n<meta name=\"twitter:label1\" content=\"Written by\" \/>\n\t<meta name=\"twitter:data1\" content=\"Oli\" \/>\n\t<meta name=\"twitter:label2\" content=\"Est. reading time\" \/>\n\t<meta name=\"twitter:data2\" content=\"5 minutes\" \/>\n<script type=\"application\/ld+json\" class=\"yoast-schema-graph\">{\"@context\":\"https:\/\/schema.org\",\"@graph\":[{\"@type\":\"WebPage\",\"@id\":\"https:\/\/www.callie.es\/blog\/ilumina-tus-fiestas-con-calidez-el-adorno-navideno-de-madera-led-con-muneco-de-nieve-y-nombre\/\",\"url\":\"https:\/\/www.callie.es\/blog\/ilumina-tus-fiestas-con-calidez-el-adorno-navideno-de-madera-led-con-muneco-de-nieve-y-nombre\/\",\"name\":\"Ilumina tus fiestas con calidez: El adorno navide\u00f1o de madera LED con mu\u00f1eco de nieve y nombre - Callie Blog\",\"isPartOf\":{\"@id\":\"https:\/\/www.callie.es\/blog\/#website\"},\"primaryImageOfPage\":{\"@id\":\"https:\/\/www.callie.es\/blog\/ilumina-tus-fiestas-con-calidez-el-adorno-navideno-de-madera-led-con-muneco-de-nieve-y-nombre\/#primaryimage\"},\"image\":{\"@id\":\"https:\/\/www.callie.es\/blog\/ilumina-tus-fiestas-con-calidez-el-adorno-navideno-de-madera-led-con-muneco-de-nieve-y-nombre\/#primaryimage\"},\"thumbnailUrl\":\"https:\/\/www.callie.es\/blog\/wp-content\/uploads\/2026\/08\/da54387b72d057dd6b29c005b94e80d6.jpg\",\"datePublished\":\"2026-08-28T09:13:10+00:00\",\"dateModified\":\"2026-08-26T09:17:19+00:00\",\"author\":{\"@id\":\"https:\/\/www.callie.es\/blog\/#\/schema\/person\/cfb146bb9662724724723b20ed0ed8bc\"},\"description\":\"Adorno navide\u00f1o de madera LED con mu\u00f1eco de nieve personalizado con nombre y expresi\u00f3n. Perfecto para el \u00e1rbol de Navidad, calcetines y decoraci\u00f3n invernal.\",\"breadcrumb\":{\"@id\":\"https:\/\/www.callie.es\/blog\/ilumina-tus-fiestas-con-calidez-el-adorno-navideno-de-madera-led-con-muneco-de-nieve-y-nombre\/#breadcrumb\"},\"inLanguage\":\"en-US\",\"potentialAction\":[{\"@type\":\"ReadAction\",\"target\":[\"https:\/\/www.callie.es\/blog\/ilumina-tus-fiestas-con-calidez-el-adorno-navideno-de-madera-led-con-muneco-de-nieve-y-nombre\/\"]}]},{\"@type\":\"ImageObject\",\"inLanguage\":\"en-US\",\"@id\":\"https:\/\/www.callie.es\/blog\/ilumina-tus-fiestas-con-calidez-el-adorno-navideno-de-madera-led-con-muneco-de-nieve-y-nombre\/#primaryimage\",\"url\":\"https:\/\/www.callie.es\/blog\/wp-content\/uploads\/2026\/08\/da54387b72d057dd6b29c005b94e80d6.jpg\",\"contentUrl\":\"https:\/\/www.callie.es\/blog\/wp-content\/uploads\/2026\/08\/da54387b72d057dd6b29c005b94e80d6.jpg\",\"width\":1000,\"height\":1000},{\"@type\":\"BreadcrumbList\",\"@id\":\"https:\/\/www.callie.es\/blog\/ilumina-tus-fiestas-con-calidez-el-adorno-navideno-de-madera-led-con-muneco-de-nieve-y-nombre\/#breadcrumb\",\"itemListElement\":[{\"@type\":\"ListItem\",\"position\":1,\"name\":\"Home\",\"item\":\"https:\/\/www.callie.es\/blog\/\"},{\"@type\":\"ListItem\",\"position\":2,\"name\":\"Ilumina tus fiestas con calidez: El adorno navide\u00f1o de madera LED con mu\u00f1eco de nieve y nombre\"}]},{\"@type\":\"WebSite\",\"@id\":\"https:\/\/www.callie.es\/blog\/#website\",\"url\":\"https:\/\/www.callie.es\/blog\/\",\"name\":\"Callie Blog\",\"description\":\"Regalos, Relaciones, la vida\",\"potentialAction\":[{\"@type\":\"SearchAction\",\"target\":{\"@type\":\"EntryPoint\",\"urlTemplate\":\"https:\/\/www.callie.es\/blog\/?s={search_term_string}\"},\"query-input\":\"required name=search_term_string\"}],\"inLanguage\":\"en-US\"},{\"@type\":\"Person\",\"@id\":\"https:\/\/www.callie.es\/blog\/#\/schema\/person\/cfb146bb9662724724723b20ed0ed8bc\",\"name\":\"Oli\",\"image\":{\"@type\":\"ImageObject\",\"inLanguage\":\"en-US\",\"@id\":\"https:\/\/www.callie.es\/blog\/#\/schema\/person\/image\/\",\"url\":\"https:\/\/secure.gravatar.com\/avatar\/5e54508c5b1241315e526d14a2ac4b38?s=96&d=mm&r=g\",\"contentUrl\":\"https:\/\/secure.gravatar.com\/avatar\/5e54508c5b1241315e526d14a2ac4b38?s=96&d=mm&r=g\",\"caption\":\"Oli\"},\"url\":\"https:\/\/www.callie.es\/blog\/author\/oli\/\"}]}<\/script>\n<!-- \/ Yoast SEO plugin. -->","yoast_head_json":{"title":"Ilumina tus fiestas con calidez: El adorno navide\u00f1o de madera LED con mu\u00f1eco de nieve y nombre - Callie Blog","description":"Adorno navide\u00f1o de madera LED con mu\u00f1eco de nieve personalizado con nombre y expresi\u00f3n. Perfecto para el \u00e1rbol de Navidad, calcetines y decoraci\u00f3n invernal.","robots":{"index":"index","follow":"follow","max-snippet":"max-snippet:-1","max-image-preview":"max-image-preview:large","max-video-preview":"max-video-preview:-1"},"canonical":"https:\/\/www.callie.es\/blog\/ilumina-tus-fiestas-con-calidez-el-adorno-navideno-de-madera-led-con-muneco-de-nieve-y-nombre\/","og_locale":"en_US","og_type":"article","og_title":"Ilumina tus fiestas con calidez: El adorno navide\u00f1o de madera LED con mu\u00f1eco de nieve y nombre - Callie Blog","og_description":"Adorno navide\u00f1o de madera LED con mu\u00f1eco de nieve personalizado con nombre y expresi\u00f3n. Perfecto para el \u00e1rbol de Navidad, calcetines y decoraci\u00f3n invernal.","og_url":"https:\/\/www.callie.es\/blog\/ilumina-tus-fiestas-con-calidez-el-adorno-navideno-de-madera-led-con-muneco-de-nieve-y-nombre\/","og_site_name":"Callie Blog","article_published_time":"2026-08-28T09:13:10+00:00","article_modified_time":"2026-08-26T09:17:19+00:00","og_image":[{"width":1000,"height":1000,"url":"https:\/\/www.callie.es\/blog\/wp-content\/uploads\/2026\/08\/da54387b72d057dd6b29c005b94e80d6.jpg","type":"image\/jpeg"}],"author":"Oli","twitter_card":"summary_large_image","twitter_misc":{"Written by":"Oli","Est. reading time":"5 minutes"},"schema":{"@context":"https:\/\/schema.org","@graph":[{"@type":"WebPage","@id":"https:\/\/www.callie.es\/blog\/ilumina-tus-fiestas-con-calidez-el-adorno-navideno-de-madera-led-con-muneco-de-nieve-y-nombre\/","url":"https:\/\/www.callie.es\/blog\/ilumina-tus-fiestas-con-calidez-el-adorno-navideno-de-madera-led-con-muneco-de-nieve-y-nombre\/","name":"Ilumina tus fiestas con calidez: El adorno navide\u00f1o de madera LED con mu\u00f1eco de nieve y nombre - Callie Blog","isPartOf":{"@id":"https:\/\/www.callie.es\/blog\/#website"},"primaryImageOfPage":{"@id":"https:\/\/www.callie.es\/blog\/ilumina-tus-fiestas-con-calidez-el-adorno-navideno-de-madera-led-con-muneco-de-nieve-y-nombre\/#primaryimage"},"image":{"@id":"https:\/\/www.callie.es\/blog\/ilumina-tus-fiestas-con-calidez-el-adorno-navideno-de-madera-led-con-muneco-de-nieve-y-nombre\/#primaryimage"},"thumbnailUrl":"https:\/\/www.callie.es\/blog\/wp-content\/uploads\/2026\/08\/da54387b72d057dd6b29c005b94e80d6.jpg","datePublished":"2026-08-28T09:13:10+00:00","dateModified":"2026-08-26T09:17:19+00:00","author":{"@id":"https:\/\/www.callie.es\/blog\/#\/schema\/person\/cfb146bb9662724724723b20ed0ed8bc"},"description":"Adorno navide\u00f1o de madera LED con mu\u00f1eco de nieve personalizado con nombre y expresi\u00f3n. Perfecto para el \u00e1rbol de Navidad, calcetines y decoraci\u00f3n invernal.","breadcrumb":{"@id":"https:\/\/www.callie.es\/blog\/ilumina-tus-fiestas-con-calidez-el-adorno-navideno-de-madera-led-con-muneco-de-nieve-y-nombre\/#breadcrumb"},"inLanguage":"en-US","potentialAction":[{"@type":"ReadAction","target":["https:\/\/www.callie.es\/blog\/ilumina-tus-fiestas-con-calidez-el-adorno-navideno-de-madera-led-con-muneco-de-nieve-y-nombre\/"]}]},{"@type":"ImageObject","inLanguage":"en-US","@id":"https:\/\/www.callie.es\/blog\/ilumina-tus-fiestas-con-calidez-el-adorno-navideno-de-madera-led-con-muneco-de-nieve-y-nombre\/#primaryimage","url":"https:\/\/www.callie.es\/blog\/wp-content\/uploads\/2026\/08\/da54387b72d057dd6b29c005b94e80d6.jpg","contentUrl":"https:\/\/www.callie.es\/blog\/wp-content\/uploads\/2026\/08\/da54387b72d057dd6b29c005b94e80d6.jpg","width":1000,"height":1000},{"@type":"BreadcrumbList","@id":"https:\/\/www.callie.es\/blog\/ilumina-tus-fiestas-con-calidez-el-adorno-navideno-de-madera-led-con-muneco-de-nieve-y-nombre\/#breadcrumb","itemListElement":[{"@type":"ListItem","position":1,"name":"Home","item":"https:\/\/www.callie.es\/blog\/"},{"@type":"ListItem","position":2,"name":"Ilumina tus fiestas con calidez: El adorno navide\u00f1o de madera LED con mu\u00f1eco de nieve y nombre"}]},{"@type":"WebSite","@id":"https:\/\/www.callie.es\/blog\/#website","url":"https:\/\/www.callie.es\/blog\/","name":"Callie Blog","description":"Regalos, Relaciones, la vida","potentialAction":[{"@type":"SearchAction","target":{"@type":"EntryPoint","urlTemplate":"https:\/\/www.callie.es\/blog\/?s={search_term_string}"},"query-input":"required name=search_term_string"}],"inLanguage":"en-US"},{"@type":"Person","@id":"https:\/\/www.callie.es\/blog\/#\/schema\/person\/cfb146bb9662724724723b20ed0ed8bc","name":"Oli","image":{"@type":"ImageObject","inLanguage":"en-US","@id":"https:\/\/www.callie.es\/blog\/#\/schema\/person\/image\/","url":"https:\/\/secure.gravatar.com\/avatar\/5e54508c5b1241315e526d14a2ac4b38?s=96&d=mm&r=g","contentUrl":"https:\/\/secure.gravatar.com\/avatar\/5e54508c5b1241315e526d14a2ac4b38?s=96&d=mm&r=g","caption":"Oli"},"url":"https:\/\/www.callie.es\/blog\/author\/oli\/"}]}},"_links":{"self":[{"href":"https:\/\/www.callie.es\/blog\/wp-json\/wp\/v2\/posts\/1167"}],"collection":[{"href":"https:\/\/www.callie.es\/blog\/wp-json\/wp\/v2\/posts"}],"about":[{"href":"https:\/\/www.callie.es\/blog\/wp-json\/wp\/v2\/types\/post"}],"author":[{"embeddable":true,"href":"https:\/\/www.callie.es\/blog\/wp-json\/wp\/v2\/users\/6"}],"replies":[{"embeddable":true,"href":"https:\/\/www.callie.es\/blog\/wp-json\/wp\/v2\/comments?post=1167"}],"version-history":[{"count":1,"href":"https:\/\/www.callie.es\/blog\/wp-json\/wp\/v2\/posts\/1167\/revisions"}],"predecessor-version":[{"id":1169,"href":"https:\/\/www.callie.es\/blog\/wp-json\/wp\/v2\/posts\/1167\/revisions\/1169"}],"wp:featuredmedia":[{"embeddable":true,"href":"https:\/\/www.callie.es\/blog\/wp-json\/wp\/v2\/media\/1168"}],"wp:attachment":[{"href":"https:\/\/www.callie.es\/blog\/wp-json\/wp\/v2\/media?parent=1167"}],"wp:term":[{"taxonomy":"category","embeddable":true,"href":"https:\/\/www.callie.es\/blog\/wp-json\/wp\/v2\/categories?post=1167"},{"taxonomy":"post_tag","embeddable":true,"href":"https:\/\/www.callie.es\/blog\/wp-json\/wp\/v2\/tags?post=1167"}],"curies":[{"name":"wp","href":"https:\/\/api.w.org\/{rel}","templated":true}]}}